{"id":14730,"date":"2020-07-07T13:35:38","date_gmt":"2020-07-07T18:35:38","guid":{"rendered":"http:\/\/www.zonaroja.com.mx\/?p=14730"},"modified":"2020-07-07T15:24:52","modified_gmt":"2020-07-07T20:24:52","slug":"el-insabi-y-murat-ignoran-demandas-del-hospital-regional-de-tuxtepec","status":"publish","type":"post","link":"https:\/\/zonaroja.com.mx\/?p=14730","title":{"rendered":"El Insabi y gobierno estatal ignoran demandas del Hospital Regional de Tuxtepec"},"content":{"rendered":"\n<p>Yuridiana\nSosa\/Zona Roja.<\/p>\n\n\n\n<p>Oaxaca de\nJu\u00e1rez, Oax., 7 de julio de 2020.- Pese a una serie de protestas para denunciar\ndesabasto en insumos, equipo de protecci\u00f3n y personal m\u00e9dico para el Hospital\nRegional de Tuxtepec, segundo municipio con m\u00e1s contagios y m\u00e1s muertes, el\ngobierno federal y el estatal dirigen las atenciones a la regi\u00f3n del Istmo.<\/p>\n\n\n\n<p>El\ndirector del Instituto de la Salud para el Bienestar, Juan Antonio Ferrer,\nanunci\u00f3 ayer el aumento del n\u00famero de camas para el hospital Covid de Juchit\u00e1n,\noperado por la Sedena y en el que las autoridades municipales denunciaron\ninoperatividad de camas con ventiladores por fallas t\u00e9cnicas.<\/p>\n\n\n\n<p>Juchit\u00e1n,\nen el Istmo, con 76 casos positivos acumulados y 15 defunciones, de acuerdo con\ndatos de la Secretar\u00eda de Salud con corte al 6 de julio, tendr\u00e1 un total de 42\ncamas para atenci\u00f3n de pacientes Covid-19, de 25 con las que contaban y de las\nque apenas unas cinco ten\u00edan pleno funcionamiento.<\/p>\n\n\n\n<p>Dicho\nhospital, tambi\u00e9n ofrece atenci\u00f3n para otros municipios de la regi\u00f3n del Istmo,\ndonde existe un acumulado de 493 casos positivos, 78 defunciones y 209\nsospechosos.<\/p>\n\n\n\n<p>Mientras\nque en la Cuenca, el Hospital de Tuxtepec es el \u00fanico nosocomio p\u00fablico\ndestinado a la atenci\u00f3n Covid-19 para unos 19 municipios en la regi\u00f3n, en donde\nhasta el corte del 6 de julio se han acumulado 939 caos, 190 sospechosos y 136\ndefunciones.<\/p>\n\n\n\n<p>En el\ncaso de la ciudad de Tuxtepec, existe el mayor n\u00famero de contagios en la zona y\nel segundo en el estado con cifras oficiales m\u00e1s elevadas, s\u00f3lo despu\u00e9s de la\ncapital, cuenta con 742 acumulados y 109 defunciones.<\/p>\n\n\n\n<p>Sin\nembargo, el subregistro de casos y muertes es mayor debido a que cada vez son\nm\u00e1s las personas que no reportan sus casos y mueren en caso mientras tratan de\nsobrevivir a la enfermedad.<\/p>\n\n\n\n<p>Apenas el\nviernes pasado, personal de salud del Hospital Regional de Tuxtepec comenz\u00f3 una\nen\u00e9sima protesta para exigir atenci\u00f3n del gobierno estatal y federal, pues s\u00f3lo\nhan recibido material donado.<\/p>\n","protected":false},"excerpt":{"rendered":"<p>Yuridiana Sosa\/Zona Roja. Oaxaca de Ju\u00e1rez, Oax., 7 de julio de 2020.- Pese a una&hellip;<\/p>\n","protected":false},"author":2,"featured_media":12907,"comment_status":"closed","ping_status":"open","sticky":false,"template":"","format":"standard","meta":{"_lmt_disableupdate":"","_lmt_disable":"","_jetpack_memberships_contains_paid_content":false,"footnotes":""},"categories":[109,47],"tags":[118],"class_list":["post-14730","post","type-post","status-publish","format-standard","has-post-thumbnail","hentry","category-minuto-a-minuto","category-zona-gris","tag-san-juan-bautista-tuxtepec"],"jetpack_featured_media_url":"https:\/\/zonaroja.com.mx\/wp-content\/uploads\/2020\/05\/Hospital-Tuxtepec.jpg","jetpack_sharing_enabled":true,"_links":{"self":[{"href":"https:\/\/zonaroja.com.mx\/index.php?rest_route=\/wp\/v2\/posts\/14730","targetHints":{"allow":["GET"]}}],"collection":[{"href":"https:\/\/zonaroja.com.mx\/index.php?rest_route=\/wp\/v2\/posts"}],"about":[{"href":"https:\/\/zonaroja.com.mx\/index.php?rest_route=\/wp\/v2\/types\/post"}],"author":[{"embeddable":true,"href":"https:\/\/zonaroja.com.mx\/index.php?rest_route=\/wp\/v2\/users\/2"}],"replies":[{"embeddable":true,"href":"https:\/\/zonaroja.com.mx\/index.php?rest_route=%2Fwp%2Fv2%2Fcomments&post=14730"}],"version-history":[{"count":2,"href":"https:\/\/zonaroja.com.mx\/index.php?rest_route=\/wp\/v2\/posts\/14730\/revisions"}],"predecessor-version":[{"id":14734,"href":"https:\/\/zonaroja.com.mx\/index.php?rest_route=\/wp\/v2\/posts\/14730\/revisions\/14734"}],"wp:featuredmedia":[{"embeddable":true,"href":"https:\/\/zonaroja.com.mx\/index.php?rest_route=\/wp\/v2\/media\/12907"}],"wp:attachment":[{"href":"https:\/\/zonaroja.com.mx\/index.php?rest_route=%2Fwp%2Fv2%2Fmedia&parent=14730"}],"wp:term":[{"taxonomy":"category","embeddable":true,"href":"https:\/\/zonaroja.com.mx\/index.php?rest_route=%2Fwp%2Fv2%2Fcategories&post=14730"},{"taxonomy":"post_tag","embeddable":true,"href":"https:\/\/zonaroja.com.mx\/index.php?rest_route=%2Fwp%2Fv2%2Ftags&post=14730"}],"curies":[{"name":"wp","href":"https:\/\/api.w.org\/{rel}","templated":true}]}}