{"id":14732,"date":"2020-07-07T13:46:27","date_gmt":"2020-07-07T18:46:27","guid":{"rendered":"http:\/\/www.zonaroja.com.mx\/?p=14732"},"modified":"2020-07-07T17:47:15","modified_gmt":"2020-07-07T22:47:15","slug":"llevenselos-y-ponganles-en-la-madre-ya-saben-donde-ordeno-sindica-de-huitzo-yuridiana-sosa","status":"publish","type":"post","link":"https:\/\/zonaroja.com.mx\/?p=14732","title":{"rendered":"\u00abLl\u00e9venselos y p\u00f3nganles en la madre ya saben d\u00f3nde \u00ab, orden\u00f3 s\u00edndica de Huitzo"},"content":{"rendered":"\n<p>Yuridiana Sosa\/Zona Roja.<\/p>\n\n\n\n<p>Oaxaca de Ju\u00e1rez, Oax., 7 de julio de 2020.- Pese a estar involucrada por los familiares y uno de los sobrevivientes, la S\u00edndica de San Pablo Huitzo, Martha Isabel Hern\u00e1ndez, se ha querido deslindar del delito homicidio e intento de homicidio, hace mes y medio, de dos j\u00f3venes.<\/p>\n\n\n\n<p>Familiares\nrevelaron que se asumi\u00f3 tambi\u00e9n como v\u00edctima de los delitos y presuntamente el\nex rector de la UABJO &#8211;con quien lo vinculan sentimentalmente &#8211;ha abogado por\nella ante la Fiscal\u00eda General del Estado de Oaxaca.<\/p>\n\n\n\n<p>Con\nreticencias, finalmente pidi\u00f3 licencia al cargo y posteriormente acudi\u00f3 a\ndeclarar ante el Ministerio P\u00fablico, en que reiter\u00f3 que es inocente de los delitos\nde homicidio e intento de homicidio.<\/p>\n\n\n\n<p>Diego, de\n20 a\u00f1os de edad, perdi\u00f3 la vida por una golpiza en la que participaron\nelementos de la Polic\u00eda Municipal de San Pablo Huitzo, en probable complicidad\ncon pobladores y la s\u00edndica municipal. Pero s\u00f3lo hay un polic\u00eda detenido por\nlos hechos del pasado 7 de mayo.<\/p>\n\n\n\n<p>Seg\u00fan lo\nhan narrado, la tragedia para Diego y su hermano Juan Jaziel (o Jaciel) Luna\nPaz comenz\u00f3 la noche del 6 de mayo, cuando de regreso a su casa en la cabecera\nde Huitzo fueron interceptados por pobladores, familiares de la s\u00edndica Martha\nIsabel Hern\u00e1ndez Hern\u00e1ndez, quienes&nbsp; los intentaron golpear y\nposteriormente privados de su libertad por polic\u00edas municipales.<\/p>\n\n\n\n<p>Juan\nJaziel narr\u00f3 la pesadilla que vivi\u00f3 junto a su hermano, culpado de actos que\nhasta el momento desconoce o motivos para el abuso y uso excesivo de la fuerza\ncontra ellos.<\/p>\n\n\n\n<p>Cerca de\nlas 23:30 horas, mientras caminaban en la calle conocida como los Sabinos, un\nveh\u00edculo tipo Versa, color vino con franjas blancas, los intercept\u00f3 y\ndescendieron varios sujetos con palos y tubos.<\/p>\n\n\n\n<p>\u201cYa\nching#@&amp;$#@?*&amp;$$\u201d, les gritaron, al tiempo que los j\u00f3venes corrieron,\npero los alcanzaron y propinaron una primer golpiza. En el hecho, se reconoci\u00f3\nla participaci\u00f3n de Omar Ca\u00edn Paz Cruz, quien laz\u00f3 al suelo a Jaziel y otro\nsujeto conocido como \u00abEl Profe\u00bb y Ever, quien detuvo a Diego.<\/p>\n\n\n\n<p>Los\nj\u00f3venes dejaron de ser golpeados por los sujetos a los gritos de unas se\u00f1oras.\nEllos regresaban de cenar y devolver una bicicleta prestada a Diego y por lo\nque se vieron obligados a transitar a esas horas de la noche, a pie.<\/p>\n\n\n\n<p>LLEGAN A\nMANOS DE LA S\u00cdNDICA<\/p>\n\n\n\n<p>Luego de\nlibrar lo que pudo ser una peor golpiza, los j\u00f3venes tras resguardarse por unos\nminutos en casa de una t\u00eda, decidieron regresar a casa, pero en su trayecto los\nprivaron de su libertad.<\/p>\n\n\n\n<p>Una patrulla\nmunicipal, con ocho elementos a bordo, los intercept\u00f3 en la avenida V\u00eda\nCentral, cerca de su casa. Los detuvieron, esposaron y subieron a la camioneta.<\/p>\n\n\n\n<p>Jaziel\npregunt\u00f3 el motivo de la detenci\u00f3n y el elementos Abraham Felipe Mart\u00ednez\nIgnacio le respondi\u00f3,&nbsp; \u00abpor rateros hijos de su pu##$#@##\u201d, para\ndespu\u00e9s presentarlo ante la s\u00edndica municipal.<\/p>\n\n\n\n<p>Casi de\nforma simult\u00e1nea a su llegada, a las oficinas de la s\u00edndica arrib\u00f3 una mujer\nidentificada como Martha Alicia Bola\u00f1os y su hijo Jes\u00fas Eduardo Hern\u00e1ndez Bola\u00f1os.\n<\/p>\n\n\n\n<p>Ambos\nllegaron en un veh\u00edculo con caracter\u00edsticas similares del coche del que\ndescendieron sus primeros agresores: un auto versa y otro taxi tipo Tsuru color\nvino con franjas blancas a sus costados.<\/p>\n\n\n\n<p>Seg\u00fan la\nnarrativa de las v\u00edctimas, la s\u00edndica atendi\u00f3 primero a la mujer y su hijo,\nmientras los hermanos esperaban, custodiados por elementos policiales.<\/p>\n\n\n\n<p>\u201cAh\u00ed te\nencargo\u201d, le dijo Martha Alicia a la s\u00edndica. Ella respondi\u00f3: \u00abno te\npreocupes para eso es la familia\u00bb, seg\u00fan explican.<\/p>\n\n\n\n<p>Jaziel\npidi\u00f3 ayuda a la ciudadana para que pudiera avisar a su padre que se\nencontraban en ese lugar, pero Alicia respondi\u00f3: \u00abno puedo, no est\u00e9s\nchingando\u00bb. Fue en ese momento cuando Diego comenz\u00f3 a llorar ante la\ndif\u00edcil situaci\u00f3n.<\/p>\n\n\n\n<p>Sin\nmediar palabras ni cuestionar sobre los supuestos hechos, la s\u00edndica se dirigi\u00f3\na ellos s\u00f3lo para burlarse de Diego. \u00abY t\u00fa, por qu\u00e9 lloras pinche\nhip\u00f3crita\u00bb y de inmediato orden\u00f3 a los polic\u00edas la acci\u00f3n violenta.<\/p>\n\n\n\n<p>\u201cLl\u00e9venselos\ny p\u00f3nganles en la madre ya saben d\u00f3nde\u201d, indic\u00f3 la servidora p\u00fablica, quien\nregres\u00f3 a su oficina.<\/p>\n\n\n\n<p>PARIENTES\nY POLIC\u00cdAS LOS AGREDEN<\/p>\n\n\n\n<p>Los\nhermanos fueron subidos nuevamente a la patrulla, en la parte de la batea y los\namenazaron que si hablaban o intentaban huir les ir\u00eda peor.<\/p>\n\n\n\n<p>A bordo\niba el comandante Abraham Felipe Mart\u00ednez Ignacio, quien con guantes puestos\ndespojo de sus pertenencias a los j\u00f3venes.&nbsp; Tambi\u00e9n particip\u00f3 en el\noperativo, el polic\u00eda identificado como David Hern\u00e1ndez Ventura.<\/p>\n\n\n\n<p>La\nPolic\u00eda condujo camino al paraje conocido como \u00bb El Campamento\u00bb. Ya\npasada de la media noche. Fue un camino con curvas, al menos una docena de\nellas antes de llegar a un paraje del poblado de Telixtlahuaca, por la\ncarretera federal en direcci\u00f3n a la Ciudad de M\u00e9xico.<\/p>\n\n\n\n<p>En ese\nsitio ya esperaba a la patrulla otro grupo de hombres que descendieron de un\ntaxi Tsuru, color vino y franjas blancas, entre ellos Jes\u00fas Eduardo Hern\u00e1ndez\nBola\u00f1os, hijo de Alicia, pariente de la s\u00edndica.<\/p>\n\n\n\n<p>Eduardo\norden\u00f3 a los elementos policiales bajar a los j\u00f3venes de la patrulla, esposado.\nAbraham Felipe y David Hern\u00e1ndez obedecieron; se uni\u00f3 a la participaci\u00f3n dos\npolic\u00edas m\u00e1s, que permanecieron encapuchados.<\/p>\n\n\n\n<p>Diego y\nJaziel fueron lanzados desde la batea hasta el suelo empedrado, esposados con\nlas manos atr\u00e1s. Una vez sobre el camino, Eduardo junto con otros hombres los comenzaron\na golpear con tubos y palos.<\/p>\n\n\n\n<p>\u00abDe\nuna vez hay que matarlos a&nbsp; los hijos de su p&amp;$#@+&amp;)\u00bb, dec\u00eda\nEduardo mientras golpeaba a los hermanos. La agresi\u00f3n finaliz\u00f3 hasta que los\nj\u00f3venes dejaron de moverse.<\/p>\n\n\n\n<p>Inconscientes\npor los golpes, fueron lanzados a un barrando, de donde hasta la ma\u00f1ana del 7\nde mayo Jaziel logr\u00f3 recuperar la conciencia, pero su hermano Diego perdi\u00f3 la\nvida.<\/p>\n\n\n\n<p>Jaziel\nsali\u00f3 del sitio para pedir ayuda hasta lograr llegar a casa de sus abuelos.\nDespu\u00e9s interpusieron la denuncia en la Fiscal\u00eda Especializada en Delitos de\nAlto Impacto.<\/p>\n\n\n\n<p>SOLO UN\nDETENIDO<\/p>\n\n\n\n<p>El pasado\n25 de junio, el Juez de Control vincul\u00f3 a proceso y orden\u00f3 la prisi\u00f3n\npreventiva para un ex polic\u00eda de San Pablo Huitzo, por el homicidio de Daniel y\ntentativa de homicidio calificado con ventaja en agravio de su hermano, Jaziel.<\/p>\n\n\n\n<p>El\ndetenido fue identificado como L.N.A O., otro que los j\u00f3venes no identificaron\ndurante los hechos, a quien fue detenido en Veracruz el pasado 19 de junio, a\nm\u00e1s de una semana de darse a conocer el hecho de forma&nbsp; p\u00fablica por las\nv\u00edctimas.<\/p>\n\n\n\n<p>Bajo\ncausa penal 507\/2020\u00aa, al ex elemento se le impuso tres meses de prisi\u00f3n\npreventiva, y hasta el momento no existe informaci\u00f3n sobre la situaci\u00f3n\njur\u00eddica contra el resto de los polic\u00edas implicados, de la d\u00edndica municipal y\ndel resto de los ciudadanos involucrados.<\/p>\n","protected":false},"excerpt":{"rendered":"<p>Yuridiana Sosa\/Zona Roja. Oaxaca de Ju\u00e1rez, Oax., 7 de julio de 2020.- Pese a estar&hellip;<\/p>\n","protected":false},"author":2,"featured_media":13586,"comment_status":"closed","ping_status":"open","sticky":false,"template":"","format":"standard","meta":{"_lmt_disableupdate":"","_lmt_disable":"","_jetpack_memberships_contains_paid_content":false,"footnotes":""},"categories":[109,47],"tags":[1744],"class_list":["post-14732","post","type-post","status-publish","format-standard","has-post-thumbnail","hentry","category-minuto-a-minuto","category-zona-gris","tag-san-pablo-villa-de-huitzo"],"jetpack_featured_media_url":"https:\/\/zonaroja.com.mx\/wp-content\/uploads\/2020\/06\/Joven-asesinado-Huitzo.jpg","jetpack_sharing_enabled":true,"_links":{"self":[{"href":"https:\/\/zonaroja.com.mx\/index.php?rest_route=\/wp\/v2\/posts\/14732","targetHints":{"allow":["GET"]}}],"collection":[{"href":"https:\/\/zonaroja.com.mx\/index.php?rest_route=\/wp\/v2\/posts"}],"about":[{"href":"https:\/\/zonaroja.com.mx\/index.php?rest_route=\/wp\/v2\/types\/post"}],"author":[{"embeddable":true,"href":"https:\/\/zonaroja.com.mx\/index.php?rest_route=\/wp\/v2\/users\/2"}],"replies":[{"embeddable":true,"href":"https:\/\/zonaroja.com.mx\/index.php?rest_route=%2Fwp%2Fv2%2Fcomments&post=14732"}],"version-history":[{"count":2,"href":"https:\/\/zonaroja.com.mx\/index.php?rest_route=\/wp\/v2\/posts\/14732\/revisions"}],"predecessor-version":[{"id":14735,"href":"https:\/\/zonaroja.com.mx\/index.php?rest_route=\/wp\/v2\/posts\/14732\/revisions\/14735"}],"wp:featuredmedia":[{"embeddable":true,"href":"https:\/\/zonaroja.com.mx\/index.php?rest_route=\/wp\/v2\/media\/13586"}],"wp:attachment":[{"href":"https:\/\/zonaroja.com.mx\/index.php?rest_route=%2Fwp%2Fv2%2Fmedia&parent=14732"}],"wp:term":[{"taxonomy":"category","embeddable":true,"href":"https:\/\/zonaroja.com.mx\/index.php?rest_route=%2Fwp%2Fv2%2Fcategories&post=14732"},{"taxonomy":"post_tag","embeddable":true,"href":"https:\/\/zonaroja.com.mx\/index.php?rest_route=%2Fwp%2Fv2%2Ftags&post=14732"}],"curies":[{"name":"wp","href":"https:\/\/api.w.org\/{rel}","templated":true}]}}