{"id":14736,"date":"2020-07-07T19:02:39","date_gmt":"2020-07-08T00:02:39","guid":{"rendered":"http:\/\/www.zonaroja.com.mx\/?p=14736"},"modified":"2020-07-07T19:02:45","modified_gmt":"2020-07-08T00:02:45","slug":"van-al-menos-17-profesores-fallecidos-en-medio-de-la-pandemia-por-covid-19","status":"publish","type":"post","link":"https:\/\/zonaroja.com.mx\/?p=14736","title":{"rendered":"Van al menos 17 profesores fallecidos en medio de la pandemia por Covid-19"},"content":{"rendered":"\n<p>Yuridiana\nSosa\/Zona Roja.<\/p>\n\n\n\n<p>Oaxaca de\nJu\u00e1rez, Oax.- 7 de julio de 2020.- En el transcurso de la contingencia\nsanitaria por Covid-19, al menos 17 profesores de la Secci\u00f3n 22 del SNTE han\nfallecido por distintas causas, entre estas algunas est\u00e1n relacionadas al virus\nSARS-CoV-2.<\/p>\n\n\n\n<p>El caso\nm\u00e1s reciente se registr\u00f3 en San Juan Bautista Tuxtepec, donde un integrante del\nComit\u00e9 Ejecutivo Seccional por parte de los jubilados, perdi\u00f3 la vida a\nconsecuencia de las afectaciones en su salud al padecer dicha enfermedad,\nconfirm\u00f3 la gremial.<\/p>\n\n\n\n<p>El\nprofesor, J.L.O.R. fue miembro de la Secretar\u00eda de Jubilados y Pensionados y\npor quien el sindicato, adherido a la Coordinadora Nacional de Trabajadores de\nla Educaci\u00f3n, emiti\u00f3 una esquela para reiterar la solidaridad en el duelo a sus\nfamiliares.<\/p>\n\n\n\n<p>A este\nhecho le antecede m\u00e1s de una docena de condolencias que ha publicado la Secci\u00f3n\n22 del SNTE desde el pasado 30 de marzo a la fecha y por la que tambi\u00e9n el\nsindicato realiza un an\u00e1lisis para confirmar o descartar cu\u00e1ntos de ellos\nperdieron la batalla frente al Covid-19, inform\u00f3 el vocero de la gremial en\nOaxaca, Wilbert Santiago.<\/p>\n\n\n\n<p>Tan s\u00f3lo\ndel pasado 26 de junio al 7 de julio, seis profesores fallecieron, seg\u00fan\nconstan las esquelas emitidas por la Coordinadora Nacional de Trabajadores de\nla Educaci\u00f3n en Oaxaca.<\/p>\n\n\n\n<p>De los\nprofesores que han perdido la vida en la pandemia 14 era activos y al menos unos\ntres jubilados, en su mayor\u00eda hab\u00edan desempa\u00f1o alg\u00fan cargo dentro del Comit\u00e9\nEjecutivo de la Secci\u00f3n 22.<\/p>\n","protected":false},"excerpt":{"rendered":"<p>Yuridiana Sosa\/Zona Roja. Oaxaca de Ju\u00e1rez, Oax.- 7 de julio de 2020.- En el transcurso&hellip;<\/p>\n","protected":false},"author":2,"featured_media":14737,"comment_status":"closed","ping_status":"open","sticky":false,"template":"","format":"standard","meta":{"_lmt_disableupdate":"","_lmt_disable":"","_jetpack_memberships_contains_paid_content":false,"footnotes":""},"categories":[109,47],"tags":[1512,312],"class_list":["post-14736","post","type-post","status-publish","format-standard","has-post-thumbnail","hentry","category-minuto-a-minuto","category-zona-gris","tag-coronavirus-oaxaca","tag-seccion-22-del-snte"],"jetpack_featured_media_url":"https:\/\/zonaroja.com.mx\/wp-content\/uploads\/2020\/07\/Coronavirus-Oaxaca-1.png","jetpack_sharing_enabled":true,"_links":{"self":[{"href":"https:\/\/zonaroja.com.mx\/index.php?rest_route=\/wp\/v2\/posts\/14736","targetHints":{"allow":["GET"]}}],"collection":[{"href":"https:\/\/zonaroja.com.mx\/index.php?rest_route=\/wp\/v2\/posts"}],"about":[{"href":"https:\/\/zonaroja.com.mx\/index.php?rest_route=\/wp\/v2\/types\/post"}],"author":[{"embeddable":true,"href":"https:\/\/zonaroja.com.mx\/index.php?rest_route=\/wp\/v2\/users\/2"}],"replies":[{"embeddable":true,"href":"https:\/\/zonaroja.com.mx\/index.php?rest_route=%2Fwp%2Fv2%2Fcomments&post=14736"}],"version-history":[{"count":1,"href":"https:\/\/zonaroja.com.mx\/index.php?rest_route=\/wp\/v2\/posts\/14736\/revisions"}],"predecessor-version":[{"id":14738,"href":"https:\/\/zonaroja.com.mx\/index.php?rest_route=\/wp\/v2\/posts\/14736\/revisions\/14738"}],"wp:featuredmedia":[{"embeddable":true,"href":"https:\/\/zonaroja.com.mx\/index.php?rest_route=\/wp\/v2\/media\/14737"}],"wp:attachment":[{"href":"https:\/\/zonaroja.com.mx\/index.php?rest_route=%2Fwp%2Fv2%2Fmedia&parent=14736"}],"wp:term":[{"taxonomy":"category","embeddable":true,"href":"https:\/\/zonaroja.com.mx\/index.php?rest_route=%2Fwp%2Fv2%2Fcategories&post=14736"},{"taxonomy":"post_tag","embeddable":true,"href":"https:\/\/zonaroja.com.mx\/index.php?rest_route=%2Fwp%2Fv2%2Ftags&post=14736"}],"curies":[{"name":"wp","href":"https:\/\/api.w.org\/{rel}","templated":true}]}}