{"id":14754,"date":"2020-07-08T08:00:10","date_gmt":"2020-07-08T13:00:10","guid":{"rendered":"http:\/\/www.zonaroja.com.mx\/?p=14754"},"modified":"2020-07-07T22:08:42","modified_gmt":"2020-07-08T03:08:42","slug":"vela-el-poder-judicial-de-oaxaca-por-el-interes-superior-de-la-ninez","status":"publish","type":"post","link":"https:\/\/zonaroja.com.mx\/?p=14754","title":{"rendered":"Vela el Poder Judicial de Oaxaca por el inter\u00e9s superior de la ni\u00f1ez"},"content":{"rendered":"\n<p>Redacci\u00f3n\/Zona\nRoja.<\/p>\n\n\n\n<p>Oaxaca de\nJu\u00e1rez, Oax., 7 de julio de 2020.- Privilegiar el principio de Inter\u00e9s Superior\nde la Ni\u00f1ez y, desde su \u00e1mbito de competencia, optimizar a\u00fan m\u00e1s el proceso de\nadopci\u00f3n para garantizar el bienestar de las ni\u00f1as y ni\u00f1os oaxaque\u00f1os, es\nprioridad en la labor del Poder Judicial del Estado, afirm\u00f3 la magistrada\nGregoria Hortensia Castellanos Ch\u00e1vez.<\/p>\n\n\n\n<p>Al hablar\nsobre el papel del Tribunal Superior de Justicia como \u00f3rgano integrante del\nConsejo de Adopciones del Estado de Oaxaca, explic\u00f3 que uno de sus principales\nobjetivos es lograr la integraci\u00f3n de ni\u00f1as, ni\u00f1os y adolescentes sujetos de\nasistencia social, atendidos por el Sistema para el Desarrollo Integral de la\nFamilia del Estado de Oaxaca (DIF).<\/p>\n\n\n\n<p>En\nentrevista, explic\u00f3 que junto con el magistrado Ricardo Javier Herrera Muzgo\nRebollo, como representantes del \u00f3rgano de impartici\u00f3n de justicia, participan\nen sesiones mensuales para estudiar y analizar los casos de las ni\u00f1as, ni\u00f1os y\nadolescentes, determinar si pueden ser adoptados, as\u00ed como verificar que las\nsolicitudes, tanto de nacionales como extranjeros, se encuentren debidamente\nrequisitadas en los t\u00e9rminos de la ley y su reglamento.<\/p>\n\n\n\n<p>\u201cEs\nnuestra responsabilidad supervisar los procesos y velar porque se garantice el\ninter\u00e9s superior de la ni\u00f1ez, que es un principio central para la protecci\u00f3n y\nrestituci\u00f3n de sus derechos, y para garantizar su m\u00e1ximo bienestar personal,\nfamiliar y social posible\u201d, reiter\u00f3.<\/p>\n\n\n\n<p>Parte de\nlas tareas del Consejo de Adopciones, es asignar a ni\u00f1as, ni\u00f1os y adolescentes\nuna familia que previamente ha sido considerada id\u00f3nea, una vez consideradas\nsus caracter\u00edsticas como ideales para albergar al o la candidata en adopci\u00f3n;\nexpedir certificados de idoneidad, adem\u00e1s de generar y aplicar los criterios y\npol\u00edticas en materia de adopci\u00f3n.<\/p>\n\n\n\n<p>Dicho\n\u00f3rgano es un equipo multidisciplinario e intersectorial, integrado por el\nSistema DIF, la Procuradur\u00eda para la Defensa del Menor, la Mujer y la Familia; el\nTribunal Superior de Justicia, as\u00ed como psic\u00f3logos, m\u00e9dicos, y representantes\ndel Sistema Local de Protecci\u00f3n Integral de los Derechos de Ni\u00f1as, Ni\u00f1os y\nAdolescentes del Estado.<\/p>\n\n\n\n<p>Se\nencuentra regido por la Ley de Adopciones del Estado de Oaxaca, misma que\ncontempla la prioridad del bienestar y protecci\u00f3n de los derechos de las y los\nmenores de edad, en todas las circunstancias, por encima de cualquier inter\u00e9s\nde tercero.<\/p>\n","protected":false},"excerpt":{"rendered":"<p>Redacci\u00f3n\/Zona Roja. Oaxaca de Ju\u00e1rez, Oax., 7 de julio de 2020.- Privilegiar el principio de&hellip;<\/p>\n","protected":false},"author":2,"featured_media":14755,"comment_status":"closed","ping_status":"open","sticky":false,"template":"","format":"standard","meta":{"_lmt_disableupdate":"","_lmt_disable":"","_jetpack_memberships_contains_paid_content":false,"footnotes":""},"categories":[109,46],"tags":[223],"class_list":["post-14754","post","type-post","status-publish","format-standard","has-post-thumbnail","hentry","category-minuto-a-minuto","category-zona-blanca","tag-poder-judicial-de-oaxaca"],"jetpack_featured_media_url":"https:\/\/zonaroja.com.mx\/wp-content\/uploads\/2020\/07\/MAGISTRADA-HORTENSIA-CASTELLANOS1.jpg","jetpack_sharing_enabled":true,"_links":{"self":[{"href":"https:\/\/zonaroja.com.mx\/index.php?rest_route=\/wp\/v2\/posts\/14754","targetHints":{"allow":["GET"]}}],"collection":[{"href":"https:\/\/zonaroja.com.mx\/index.php?rest_route=\/wp\/v2\/posts"}],"about":[{"href":"https:\/\/zonaroja.com.mx\/index.php?rest_route=\/wp\/v2\/types\/post"}],"author":[{"embeddable":true,"href":"https:\/\/zonaroja.com.mx\/index.php?rest_route=\/wp\/v2\/users\/2"}],"replies":[{"embeddable":true,"href":"https:\/\/zonaroja.com.mx\/index.php?rest_route=%2Fwp%2Fv2%2Fcomments&post=14754"}],"version-history":[{"count":1,"href":"https:\/\/zonaroja.com.mx\/index.php?rest_route=\/wp\/v2\/posts\/14754\/revisions"}],"predecessor-version":[{"id":14756,"href":"https:\/\/zonaroja.com.mx\/index.php?rest_route=\/wp\/v2\/posts\/14754\/revisions\/14756"}],"wp:featuredmedia":[{"embeddable":true,"href":"https:\/\/zonaroja.com.mx\/index.php?rest_route=\/wp\/v2\/media\/14755"}],"wp:attachment":[{"href":"https:\/\/zonaroja.com.mx\/index.php?rest_route=%2Fwp%2Fv2%2Fmedia&parent=14754"}],"wp:term":[{"taxonomy":"category","embeddable":true,"href":"https:\/\/zonaroja.com.mx\/index.php?rest_route=%2Fwp%2Fv2%2Fcategories&post=14754"},{"taxonomy":"post_tag","embeddable":true,"href":"https:\/\/zonaroja.com.mx\/index.php?rest_route=%2Fwp%2Fv2%2Ftags&post=14754"}],"curies":[{"name":"wp","href":"https:\/\/api.w.org\/{rel}","templated":true}]}}