{"id":14761,"date":"2020-07-08T07:57:20","date_gmt":"2020-07-08T12:57:20","guid":{"rendered":"http:\/\/www.zonaroja.com.mx\/?p=14761"},"modified":"2020-07-08T07:57:39","modified_gmt":"2020-07-08T12:57:39","slug":"identificados-solo-tres-de-43-de-ayotzinapa-seis-anos-despues","status":"publish","type":"post","link":"https:\/\/zonaroja.com.mx\/?p=14761","title":{"rendered":"Identificados, s\u00f3lo tres de 43 de Ayotzinapa, seis a\u00f1os despu\u00e9s"},"content":{"rendered":"\n<p>Redacci\u00f3n\/Zona\nRoja Cdmx.<\/p>\n\n\n\n<p>Ciudad de\nM\u00e9xico, 8 de julio de 2020.- Otro normalista de Ayotzinapa, de los 43 que\ndesaparecieron hace casi seis a\u00f1os en Iguala, fue identificado mediante el\nan\u00e1lisis de restos \u00f3seos.<\/p>\n\n\n\n<p>Se trata\nde Christian Alfonso Rodr\u00edguez Telumbre, de 19 a\u00f1os. Su muerte, junto con la de\nAlexander Mora Venancio y la de Jhosivani Guerrero de la Cruz, son las \u00fanicas\ntres de este caso que han sido confirmadas, de acuerdo con informaci\u00f3n del\ndiario \u201cExcelsior\u201d.<\/p>\n\n\n\n<p>Omar\nG\u00f3mez Trejo, fiscal del caso Ayotzinapa, inform\u00f3 ayer que el Instituto de\nGen\u00e9tica de la Universidad de Innsbruck, en Austria, analiz\u00f3 seis piezas \u00f3seas\nhalladas en noviembre de 2019 en la Barranca de la Carnicer\u00eda, un ejido de\nCocula. El estudio determin\u00f3 que uno de esos restos pertenece a Christian.<\/p>\n\n\n\n<p>Desde el\n14 de diciembre de 2014, dicha barranca se perfil\u00f3 como uno de los sitios de\ndestino de los normalistas, pues polic\u00edas comunitarios de Guerrero descubrieron\nrestos de una hoguera donde se quemaron cuerpos. La informaci\u00f3n fue entregada a\nla extinta PGR, pero no se investig\u00f3 entonces, detalla la nota de \u201cExcelsior\u201d.<\/p>\n\n\n\n<p>\u201c(Christian)\nno fue tirado ni encontrado en el basurero de Cocula ni en el r\u00edo San Juan, tal\ny conforme a la versi\u00f3n que, p\u00fablica y judicialmente, sostuvo la anterior\nadministraci\u00f3n\u201d, destac\u00f3 el funcionario federal.<\/p>\n\n\n\n<p>\u201cExc\u00e9lsior\u201d\ndio a conocer ayer que las investigaciones de la FGR sobre este caso apuntan a\nque ninguno de los 43 normalistas de Ayotzinapa fue llevado, ejecutado o\ncalcinado en el basurero de Cocula.<\/p>\n\n\n\n<p>En tanto,\nAlejandro Encinas, subsecretario de Derechos Humanos de la Segob, adelant\u00f3 que\nen cuanto se reabran las operaciones a\u00e9reas en el mundo se enviar\u00e1n nuevos\nrestos a Innsbruck, para que se les realicen an\u00e1lisis gen\u00e9ticos.<\/p>\n\n\n\n<p>CHRISTIAN\nALFONSO <\/p>\n\n\n\n<p>Era alumno\nde la Escuela Normal Rural Ra\u00fal Isidro Burgos, ubicada en Ayotzinapa, Guerrero.\nTen\u00eda 19 a\u00f1os al momento de su desaparici\u00f3n.<\/p>\n\n\n\n<p>El joven\nera conocido entre sus compa\u00f1eros de escuela como un exponente de bailes\nfolcl\u00f3ricos, actividad que practicaba en un sal\u00f3n de la Casa de Cultura de\nTixtla.<\/p>\n\n\n\n<p>Restos de\nuna de sus piernas, localizados en noviembre de 2019 en el ejido Barranca de la\nCarnicer\u00eda, fueron analizados gen\u00e9ticamente en la Universidad de Innsbruck.<\/p>\n","protected":false},"excerpt":{"rendered":"<p>Redacci\u00f3n\/Zona Roja Cdmx. Ciudad de M\u00e9xico, 8 de julio de 2020.- Otro normalista de Ayotzinapa,&hellip;<\/p>\n","protected":false},"author":2,"featured_media":14762,"comment_status":"closed","ping_status":"open","sticky":false,"template":"","format":"standard","meta":{"_lmt_disableupdate":"","_lmt_disable":"","_jetpack_memberships_contains_paid_content":false,"footnotes":""},"categories":[109,47],"tags":[1816],"class_list":["post-14761","post","type-post","status-publish","format-standard","has-post-thumbnail","hentry","category-minuto-a-minuto","category-zona-gris","tag-43-desaparecidos-ayotzinapa"],"jetpack_featured_media_url":"https:\/\/zonaroja.com.mx\/wp-content\/uploads\/2020\/07\/Christian-Alfonso.jpg","jetpack_sharing_enabled":true,"_links":{"self":[{"href":"https:\/\/zonaroja.com.mx\/index.php?rest_route=\/wp\/v2\/posts\/14761","targetHints":{"allow":["GET"]}}],"collection":[{"href":"https:\/\/zonaroja.com.mx\/index.php?rest_route=\/wp\/v2\/posts"}],"about":[{"href":"https:\/\/zonaroja.com.mx\/index.php?rest_route=\/wp\/v2\/types\/post"}],"author":[{"embeddable":true,"href":"https:\/\/zonaroja.com.mx\/index.php?rest_route=\/wp\/v2\/users\/2"}],"replies":[{"embeddable":true,"href":"https:\/\/zonaroja.com.mx\/index.php?rest_route=%2Fwp%2Fv2%2Fcomments&post=14761"}],"version-history":[{"count":1,"href":"https:\/\/zonaroja.com.mx\/index.php?rest_route=\/wp\/v2\/posts\/14761\/revisions"}],"predecessor-version":[{"id":14763,"href":"https:\/\/zonaroja.com.mx\/index.php?rest_route=\/wp\/v2\/posts\/14761\/revisions\/14763"}],"wp:featuredmedia":[{"embeddable":true,"href":"https:\/\/zonaroja.com.mx\/index.php?rest_route=\/wp\/v2\/media\/14762"}],"wp:attachment":[{"href":"https:\/\/zonaroja.com.mx\/index.php?rest_route=%2Fwp%2Fv2%2Fmedia&parent=14761"}],"wp:term":[{"taxonomy":"category","embeddable":true,"href":"https:\/\/zonaroja.com.mx\/index.php?rest_route=%2Fwp%2Fv2%2Fcategories&post=14761"},{"taxonomy":"post_tag","embeddable":true,"href":"https:\/\/zonaroja.com.mx\/index.php?rest_route=%2Fwp%2Fv2%2Ftags&post=14761"}],"curies":[{"name":"wp","href":"https:\/\/api.w.org\/{rel}","templated":true}]}}