{"id":14769,"date":"2020-07-08T12:56:11","date_gmt":"2020-07-08T17:56:11","guid":{"rendered":"https:\/\/www.zonaroja.com.mx\/?p=14769"},"modified":"2020-07-08T13:42:12","modified_gmt":"2020-07-08T18:42:12","slug":"primera-linea-mural-urbano-que-reconoce-labor-medica-en-oaxaca","status":"publish","type":"post","link":"https:\/\/zonaroja.com.mx\/?p=14769","title":{"rendered":"\u201cPrimera l\u00ednea\u201d, mural urbano que reconoce labor m\u00e9dica en Oaxaca"},"content":{"rendered":"\n<p>Evlin Arag\u00f3n\/Zona Roja.&nbsp;<\/p>\n\n\n\n<p>Oaxaca de Ju\u00e1rez, Oax.. 8 de julio de 2020.- La pandemia por Covid-19 que a\u00fan azota al territorio mexicano, ha dejado clara la relevancia del personal m\u00e9dico y de enfermer\u00eda que se ha mantenido en la primera l\u00ednea de combate, incluso arriesgando su propia vida para ganarle la batalla al coronavirus.<\/p>\n\n\n\n<p>Su esfuerzo ha sido homenajeado en la capital de Oaxaca con un mural titulado \u201cPrimera l\u00ednea\u201d realizado por el artista urbano Roberto Dom\u00ednguez en el barrio de Xochimilco, donde cont\u00f3 con el respaldo del Comit\u00e9 de Vida Vecinal (Comvive) que se uni\u00f3 al reconocimiento del personal m\u00e9dico, trabajadores de apoyo, administrativos y de limpieza en los hospitales&nbsp;<\/p>\n\n\n\n<p>El rostro de un integrante de la comunidad m\u00e9dica pr\u00e1cticamente cubierto en su totalidad, \u00fanicamente con los ojos descubiertos detr\u00e1s de un visor que le protege del contagio del virus, cuyas complicaciones pueden ser mortales; as\u00ed como la estructura del ADN amenazada por el&nbsp;S\u00edndrome Respiratorio Agudo Severo Coronavirus 2 (SARS-CoV-2), forman parte de la imagen.<\/p>\n\n\n\n<p>La mirada del personaje, con ojos grandes y expresivos, podr\u00eda interpretarse llena de fortaleza y esperanza ante la batalla que protagonizan diariamente quienes atienden de forma directa las complicaciones por el Covid-19 que pone al borde de la muerte a decenas de personas.<\/p>\n\n\n\n<p>As\u00ed representa el artista oaxaque\u00f1o al personal m\u00e9dico que lo est\u00e1 dando todo al interior de los hospitales con la finalidad de salvar el mayor n\u00famero de vidas posibles, ello sin importar las horas que porten todo el equipo de protecci\u00f3n que llevan encima, por ello los describe como verdaderos guerreros y guerreras.<\/p>\n\n\n\n<p>\u201cComo \u00e1ngeles guerreros, enfermeras, enfermeros, m\u00e9dicos y dem\u00e1s trabajadores de la salud, despliegas sus grandes alas, brindando su mejor esfuerzo y conocimientos t\u00e9cnicos para salvar vidas ante tan peligrosa epidemia\u201d, refiere el artista a trav\u00e9s de sus redes para explicar un poco su obra.<\/p>\n\n\n\n<p>El trabajo visual busca reconocer la valent\u00eda de todo el personal al interior de los hospitales, quienes incluso han dejado a sus familias de lado para atender de lleno los casos que a\u00fan van en aumento en la entidad oaxaque\u00f1a, pese al cambio de sem\u00e1foro de rojo a naranja.<\/p>\n\n\n\n<figure class=\"wp-block-embed-twitter wp-block-embed is-type-rich is-provider-twitter\"><div class=\"wp-block-embed__wrapper\">\n<div class=\"twitter-tweet\"><blockquote class=\"twitter-tweet\" data-lang=\"es\"><p lang=\"es\" dir=\"ltr\">\ud83d\udc4f\ud83d\udc4f\ud83d\udc4f\ud83d\udc4f\ud83d\udc4f<br>En el barrio de <a href=\"https:\/\/twitter.com\/hashtag\/Xochimilco?src=hash&amp;ref_src=twsrc%5Etfw\">#Xochimilco<\/a> de la ciudad de <a href=\"https:\/\/twitter.com\/hashtag\/Oaxaca?src=hash&amp;ref_src=twsrc%5Etfw\">#Oaxaca<\/a> y con el apoyo de los vecinos, el artista pl\u00e1stico Roberto Dom\u00ednguez plasm\u00f3 una pintura denominada \u201cPrimera l\u00ednea\u201d, en homenaje a las y los trabajadores del sector salud que luchan contra la pandemia del Covid-19. <a href=\"https:\/\/t.co\/uUHz2eZfgr\">pic.twitter.com\/uUHz2eZfgr<\/a><\/p>&mdash; Zona Roja Oaxaca (@MexRoja) <a href=\"https:\/\/twitter.com\/MexRoja\/status\/1280894460113506310?ref_src=twsrc%5Etfw\">8 de julio de 2020<\/a><\/blockquote><\/div>\n<\/div><\/figure>\n\n\n\n<p>\u201cEl ADN tan vulnerable frente al nuevo virus, pero en medio, el valiente personal m\u00e9dico representando a la ciencia y al humanismo, dispuesto a defender la vida que no da el creador\u201d manifiesta como parte de la descripci\u00f3n de la obra.<\/p>\n\n\n\n<p>El mural no es nuevo para el oaxaque\u00f1o ya que forma parte del proyecto \u201cRuta mural\u201d o \u201cCamino de la serpiente\u201d, con el que artistas urbanos locales, nacionales e internacionales se han dado a la tarea de exponer su trabajo en una especie de andador visual que va de la calle de Allende, en el Centro Hist\u00f3rico, a la Panor\u00e1mica del Cerro del Fort\u00edn.<\/p>\n\n\n\n<p>La mayor parte del trabajo de Roberto Dom\u00ednguez incluye motivos prehisp\u00e1nicos con la intenci\u00f3n de rescatar el legado de estas culturas en M\u00e9xico, sin embargo, en su m\u00e1s reciente obra decidi\u00f3 plasmar la labor m\u00e9dica en medio de la pandemia, ello como parte de un reconocimiento p\u00fablico al gremio.<\/p>\n\n\n\n<p>Para Elizabeth Cruz, presidenta del Comvive del barrio de Xochimilco, la idea del artista oaxaque\u00f1o fue muy bien recibida desde el momento en que fue planteada ya que comparten el sentimiento de agradecimiento al personal m\u00e9dico y de enfermer\u00eda, raz\u00f3n por la que se dieron a la tarea de gestionar el material y pedir el permiso para intervenir durante cuatro d\u00edas la barda.<\/p>\n\n\n\n<p>Destac\u00f3 que se hizo sin cobro alguno y que el mural invita tambi\u00e9n a conservar las medidas de prevenci\u00f3n de contagio, ya que, aunque en la zona han cumplido con las indicaciones en materia de salud, lamentablemente se han registrado dos decesos.<\/p>\n\n\n\n<p>\u201cEn nuestro barrio tenemos varios m\u00e9dicos, incluso vinieron a la inauguraci\u00f3n del mural y precisamente en honor a todos ellos, al trabajo que est\u00e1n realizando para salvar la vida de sus semejantes\u201d, dijo la presidenta del Comvive.<\/p>\n","protected":false},"excerpt":{"rendered":"<p>Evlin Arag\u00f3n\/Zona Roja.&nbsp; Oaxaca de Ju\u00e1rez, Oax.. 8 de julio de 2020.- La pandemia por&hellip;<\/p>\n","protected":false},"author":2,"featured_media":14768,"comment_status":"closed","ping_status":"open","sticky":false,"template":"","format":"standard","meta":{"_lmt_disableupdate":"","_lmt_disable":"","_jetpack_memberships_contains_paid_content":false,"footnotes":""},"categories":[109,46],"tags":[],"class_list":["post-14769","post","type-post","status-publish","format-standard","has-post-thumbnail","hentry","category-minuto-a-minuto","category-zona-blanca"],"jetpack_featured_media_url":"https:\/\/zonaroja.com.mx\/wp-content\/uploads\/2020\/07\/34cc7e6d-1777-4c0a-9d6e-a2b576647996.jpg","jetpack_sharing_enabled":true,"_links":{"self":[{"href":"https:\/\/zonaroja.com.mx\/index.php?rest_route=\/wp\/v2\/posts\/14769","targetHints":{"allow":["GET"]}}],"collection":[{"href":"https:\/\/zonaroja.com.mx\/index.php?rest_route=\/wp\/v2\/posts"}],"about":[{"href":"https:\/\/zonaroja.com.mx\/index.php?rest_route=\/wp\/v2\/types\/post"}],"author":[{"embeddable":true,"href":"https:\/\/zonaroja.com.mx\/index.php?rest_route=\/wp\/v2\/users\/2"}],"replies":[{"embeddable":true,"href":"https:\/\/zonaroja.com.mx\/index.php?rest_route=%2Fwp%2Fv2%2Fcomments&post=14769"}],"version-history":[{"count":2,"href":"https:\/\/zonaroja.com.mx\/index.php?rest_route=\/wp\/v2\/posts\/14769\/revisions"}],"predecessor-version":[{"id":14771,"href":"https:\/\/zonaroja.com.mx\/index.php?rest_route=\/wp\/v2\/posts\/14769\/revisions\/14771"}],"wp:featuredmedia":[{"embeddable":true,"href":"https:\/\/zonaroja.com.mx\/index.php?rest_route=\/wp\/v2\/media\/14768"}],"wp:attachment":[{"href":"https:\/\/zonaroja.com.mx\/index.php?rest_route=%2Fwp%2Fv2%2Fmedia&parent=14769"}],"wp:term":[{"taxonomy":"category","embeddable":true,"href":"https:\/\/zonaroja.com.mx\/index.php?rest_route=%2Fwp%2Fv2%2Fcategories&post=14769"},{"taxonomy":"post_tag","embeddable":true,"href":"https:\/\/zonaroja.com.mx\/index.php?rest_route=%2Fwp%2Fv2%2Ftags&post=14769"}],"curies":[{"name":"wp","href":"https:\/\/api.w.org\/{rel}","templated":true}]}}