{"id":14772,"date":"2020-07-08T14:44:16","date_gmt":"2020-07-08T19:44:16","guid":{"rendered":"http:\/\/www.zonaroja.com.mx\/?p=14772"},"modified":"2020-07-08T18:52:38","modified_gmt":"2020-07-08T23:52:38","slug":"por-covid-alrededor-de-16-trabajadores-del-sector-salud-han-fallecido","status":"publish","type":"post","link":"https:\/\/zonaroja.com.mx\/?p=14772","title":{"rendered":"Por Covid, alrededor de 17 trabajadores del sector salud han fallecido"},"content":{"rendered":"\n<p>Yuridiana\nSosa\/Zona Roja.<\/p>\n\n\n\n<p>Oaxaca de Ju\u00e1rez, Oax., 8 de julio de 2020.-\u00a0 En su lucha contra el Covid-19 desde la primera l\u00ednea de batalla, 17 m\u00e9dicos, enfermeras y otros integrantes del sector salud, han fallecido al contagiarse de este virus.<\/p>\n\n\n\n<p>As\u00ed lo\nconfirm\u00f3 para ZONA ROJA, la dependencia Servicios de Salud de Oaxaca, al corte\nt\u00e9cnico diario de este 7 de julio, cuando la cifra de personal m\u00e9dico\ncontagiado de SARS-CoV-2 se elev\u00f3 a mil 251 casos, lo que representa un aumento\nde 86 casos en comparaci\u00f3n a los reportados tres d\u00edas antes, de mil 165\nenfermos.<\/p>\n\n\n\n<p>Apenas este lunes, la Jurisdicci\u00f3n Sanitaria n\u00famero 5, de la regi\u00f3n Mixteca, inform\u00f3 sobre el deceso del doctor Mart\u00edn L\u00f3pez Aguilar, trabajador y ex director del Hospital B\u00e1sico Comunitario de Asunci\u00f3n Nochixtl\u00e1n, tras padecer Covid-19, que ser\u00eda el fallecimiento n\u00famero 17.<\/p>\n\n\n\n<p>Las\ncifras m\u00e1s elevadas de contagios se presentan entre el personal de enfermer\u00eda;\nal corte de este 7 de julio se reportaron 521 casos, en m\u00e9dicos son 415\ncontagios y 315 entre el resto del personal de salud de las distintas \u00e1reas.<\/p>\n\n\n\n<p>En Oaxaca\nse reportan seis mil 635 casos acumulados, de los que al menos el 18.8 por\nciento corresponde al personal de primera l\u00ednea de batalla en todo el estado;\nmientras que de las 670 defunciones por Covid-19, el 2.38 por ciento es del\ngremio de la salud.<\/p>\n","protected":false},"excerpt":{"rendered":"<p>Yuridiana Sosa\/Zona Roja. Oaxaca de Ju\u00e1rez, Oax., 8 de julio de 2020.-\u00a0 En su lucha&hellip;<\/p>\n","protected":false},"author":2,"featured_media":13789,"comment_status":"closed","ping_status":"open","sticky":false,"template":"","format":"standard","meta":{"_lmt_disableupdate":"","_lmt_disable":"","_jetpack_memberships_contains_paid_content":false,"footnotes":""},"categories":[109,47],"tags":[1512],"class_list":["post-14772","post","type-post","status-publish","format-standard","has-post-thumbnail","hentry","category-minuto-a-minuto","category-zona-gris","tag-coronavirus-oaxaca"],"jetpack_featured_media_url":"https:\/\/zonaroja.com.mx\/wp-content\/uploads\/2020\/06\/Covid.jpg","jetpack_sharing_enabled":true,"_links":{"self":[{"href":"https:\/\/zonaroja.com.mx\/index.php?rest_route=\/wp\/v2\/posts\/14772","targetHints":{"allow":["GET"]}}],"collection":[{"href":"https:\/\/zonaroja.com.mx\/index.php?rest_route=\/wp\/v2\/posts"}],"about":[{"href":"https:\/\/zonaroja.com.mx\/index.php?rest_route=\/wp\/v2\/types\/post"}],"author":[{"embeddable":true,"href":"https:\/\/zonaroja.com.mx\/index.php?rest_route=\/wp\/v2\/users\/2"}],"replies":[{"embeddable":true,"href":"https:\/\/zonaroja.com.mx\/index.php?rest_route=%2Fwp%2Fv2%2Fcomments&post=14772"}],"version-history":[{"count":2,"href":"https:\/\/zonaroja.com.mx\/index.php?rest_route=\/wp\/v2\/posts\/14772\/revisions"}],"predecessor-version":[{"id":14781,"href":"https:\/\/zonaroja.com.mx\/index.php?rest_route=\/wp\/v2\/posts\/14772\/revisions\/14781"}],"wp:featuredmedia":[{"embeddable":true,"href":"https:\/\/zonaroja.com.mx\/index.php?rest_route=\/wp\/v2\/media\/13789"}],"wp:attachment":[{"href":"https:\/\/zonaroja.com.mx\/index.php?rest_route=%2Fwp%2Fv2%2Fmedia&parent=14772"}],"wp:term":[{"taxonomy":"category","embeddable":true,"href":"https:\/\/zonaroja.com.mx\/index.php?rest_route=%2Fwp%2Fv2%2Fcategories&post=14772"},{"taxonomy":"post_tag","embeddable":true,"href":"https:\/\/zonaroja.com.mx\/index.php?rest_route=%2Fwp%2Fv2%2Ftags&post=14772"}],"curies":[{"name":"wp","href":"https:\/\/api.w.org\/{rel}","templated":true}]}}