{"id":14785,"date":"2020-07-08T21:20:26","date_gmt":"2020-07-09T02:20:26","guid":{"rendered":"http:\/\/www.zonaroja.com.mx\/?p=14785"},"modified":"2020-07-08T21:20:29","modified_gmt":"2020-07-09T02:20:29","slug":"en-nueva-normalidad-otro-record-de-covid-en-un-dia-en-oaxaca-289","status":"publish","type":"post","link":"https:\/\/zonaroja.com.mx\/?p=14785","title":{"rendered":"En \u201cnueva normalidad\u201d, otro r\u00e9cord de Covid en un d\u00eda en Oaxaca: 289"},"content":{"rendered":"\n<p>Redacci\u00f3n\/Zona\nRoja.<\/p>\n\n\n\n<p>Oaxaca de\nJu\u00e1rez, Oax. 8 de julio de 2020.- Los Servicios de Salud de Oaxaca (SSO),\ninformaron que al corte de este mi\u00e9rcoles 8 de julio, en el informe t\u00e9cnico de\nla emergencia sanitaria se tiene el registro 289 pacientes nuevos en las\n\u00faltimas 24 horas en 63 municipios.<\/p>\n\n\n\n<p>Con ello,\nda un total de seis mil 924 casos confirmados a Covid-19 en toda la jornada de\nla emergencia sanitaria, de los cuales 682 han fallecido, 12 m\u00e1s que el d\u00eda de\nayer.<\/p>\n\n\n\n<p>As\u00ed\ntambi\u00e9n, la dependencia hizo hincapi\u00e9 que de acuerdo con el estado de salud de\nlos pacientes que han dado positivo al nuevo coronavirus, mil 705 han requerido\nhospitalizaci\u00f3n, cifra que representa el 25% del total, y cinco mil 219 han\ncursado la enfermedad en sus domicilios, al presentar s\u00edntomas sin gravedad, es\ndecir el 75% del global de casos.<\/p>\n\n\n\n<p>Enfatiz\u00f3 que a la fecha se tiene un registro de tres mil 485 pruebas que han dado negativo al virus, mil 209 personas se encuentran como sospechosas en espera de resultados y cinco mil 665 se han recuperado del padecimiento respiratorio.<\/p>\n\n\n\n<figure class=\"wp-block-embed-twitter wp-block-embed is-type-rich is-provider-twitter\"><div class=\"wp-block-embed__wrapper\">\n<div class=\"twitter-tweet\"><blockquote class=\"twitter-tweet\" data-lang=\"es\"><p lang=\"es\" dir=\"ltr\">Para avanzar hacia la <a href=\"https:\/\/twitter.com\/hashtag\/NuevaNormalidad?src=hash&amp;ref_src=twsrc%5Etfw\">#NuevaNormalidad<\/a>, es necesario que todas y todos actuemos con responsabilidad para mitigar el <a href=\"https:\/\/twitter.com\/hashtag\/COVID19?src=hash&amp;ref_src=twsrc%5Etfw\">#COVID19<\/a>: utiliza <a href=\"https:\/\/twitter.com\/hashtag\/Cubrebocas?src=hash&amp;ref_src=twsrc%5Etfw\">#Cubrebocas<\/a> en los espacios y transportes p\u00fablicos, mant\u00e9n sana distancia, l\u00e1vate frecuentemente las manos y si te es posible, <a href=\"https:\/\/twitter.com\/hashtag\/Qu%C3%A9dateEnCasa?src=hash&amp;ref_src=twsrc%5Etfw\">#Qu\u00e9dateEnCasa<\/a>. <a href=\"https:\/\/t.co\/Zzck8i1ypf\">pic.twitter.com\/Zzck8i1ypf<\/a><\/p>&mdash; Servicios de Salud (@SSO_GobOax) <a href=\"https:\/\/twitter.com\/SSO_GobOax\/status\/1281036056817799168?ref_src=twsrc%5Etfw\">9 de julio de 2020<\/a><\/blockquote><\/div>\n<\/div><\/figure>\n\n\n\n<p>Agreg\u00f3\nque de la cifra de personas contagiadas en los \u00faltimos 14 d\u00edas, 292 se ubican\nen Valles Centrales, 116 en Tuxtepec, 77 en el Istmo, 56 en la Mixteca, 23 en\nla Costa y 13 en la Sierra (Norte).<\/p>\n\n\n\n<p>Mencion\u00f3\nque han dado positivo a la prueba de Covid-19 429 m\u00e9dicos, 547 profesionales de\nenfermer\u00eda y 332 trabajadores de otros perfiles. Y hasta este mi\u00e9rcoles se\ntiene el 47.3% de ocupaci\u00f3n hospitalaria en el estado.<\/p>\n\n\n\n<p>Ante la\nreapertura de las actividades econ\u00f3micas en la entidad, precis\u00f3 que la\npoblaci\u00f3n hoy m\u00e1s que nuca debe ser responsable y acatar las medidas de\nprotecci\u00f3n sanitaria en todo momento, para minimizar la transmisi\u00f3n del Covid-19,\nya que la enfermedad a\u00fan no tiene tratamiento m\u00e9dico ni vacuna y contin\u00faa\nsiendo un riesgo para todas y todos los oaxaque\u00f1os.<\/p>\n\n\n\n<p>Finalmente\nrecord\u00f3 a la ciudadan\u00eda que el cubrebocas se debe desechar cuando este mojado,\ncortarlo y tirarlo en un recipiente tapado, s\u00ed es de tela lavarlo con agua y\njab\u00f3n despu\u00e9s de cada uso.<\/p>\n\n\n\n<p>Asimismo,\nadvirti\u00f3 que las mascarillas no sustituyen las medidas de higiene como son\nlavado de manos, sana distancia y limpieza de espacios y superficies comunes,\nla combinaci\u00f3n de todas las acciones incrementa la barrera de protecci\u00f3n ante\nel virus.<\/p>\n","protected":false},"excerpt":{"rendered":"<p>Redacci\u00f3n\/Zona Roja. Oaxaca de Ju\u00e1rez, Oax. 8 de julio de 2020.- Los Servicios de Salud&hellip;<\/p>\n","protected":false},"author":2,"featured_media":14786,"comment_status":"closed","ping_status":"open","sticky":false,"template":"","format":"standard","meta":{"_lmt_disableupdate":"","_lmt_disable":"","_jetpack_memberships_contains_paid_content":false,"footnotes":""},"categories":[109,47],"tags":[1512],"class_list":["post-14785","post","type-post","status-publish","format-standard","has-post-thumbnail","hentry","category-minuto-a-minuto","category-zona-gris","tag-coronavirus-oaxaca"],"jetpack_featured_media_url":"https:\/\/zonaroja.com.mx\/wp-content\/uploads\/2020\/07\/SSO-1-2-1.jpeg","jetpack_sharing_enabled":true,"_links":{"self":[{"href":"https:\/\/zonaroja.com.mx\/index.php?rest_route=\/wp\/v2\/posts\/14785","targetHints":{"allow":["GET"]}}],"collection":[{"href":"https:\/\/zonaroja.com.mx\/index.php?rest_route=\/wp\/v2\/posts"}],"about":[{"href":"https:\/\/zonaroja.com.mx\/index.php?rest_route=\/wp\/v2\/types\/post"}],"author":[{"embeddable":true,"href":"https:\/\/zonaroja.com.mx\/index.php?rest_route=\/wp\/v2\/users\/2"}],"replies":[{"embeddable":true,"href":"https:\/\/zonaroja.com.mx\/index.php?rest_route=%2Fwp%2Fv2%2Fcomments&post=14785"}],"version-history":[{"count":1,"href":"https:\/\/zonaroja.com.mx\/index.php?rest_route=\/wp\/v2\/posts\/14785\/revisions"}],"predecessor-version":[{"id":14787,"href":"https:\/\/zonaroja.com.mx\/index.php?rest_route=\/wp\/v2\/posts\/14785\/revisions\/14787"}],"wp:featuredmedia":[{"embeddable":true,"href":"https:\/\/zonaroja.com.mx\/index.php?rest_route=\/wp\/v2\/media\/14786"}],"wp:attachment":[{"href":"https:\/\/zonaroja.com.mx\/index.php?rest_route=%2Fwp%2Fv2%2Fmedia&parent=14785"}],"wp:term":[{"taxonomy":"category","embeddable":true,"href":"https:\/\/zonaroja.com.mx\/index.php?rest_route=%2Fwp%2Fv2%2Fcategories&post=14785"},{"taxonomy":"post_tag","embeddable":true,"href":"https:\/\/zonaroja.com.mx\/index.php?rest_route=%2Fwp%2Fv2%2Ftags&post=14785"}],"curies":[{"name":"wp","href":"https:\/\/api.w.org\/{rel}","templated":true}]}}