{"id":14788,"date":"2020-07-10T09:00:46","date_gmt":"2020-07-10T14:00:46","guid":{"rendered":"http:\/\/www.zonaroja.com.mx\/?p=14788"},"modified":"2020-07-09T19:57:16","modified_gmt":"2020-07-10T00:57:16","slug":"oaxaca-en-el-catalogo-nacional-de-cubrebocas-artesanales","status":"publish","type":"post","link":"https:\/\/zonaroja.com.mx\/?p=14788","title":{"rendered":"Oaxaca, en el cat\u00e1logo nacional de cubrebocas artesanales"},"content":{"rendered":"\n<p>Yuridiana\nSosa\/Zona Roja.<\/p>\n\n\n\n<p>Oaxaca de Ju\u00e1rez, Oax., 10 de julio de 2020.- Artesanos de San Pablo Villa de Mitla y de Santo Tom\u00e1s Jalieza, de la regi\u00f3n Valles Centrales, forman parte de la comunidad artesanal apoyada por el Fondo Nacional para el Fomento de las Artesan\u00edas (Fonart) para comercializar cubrebocas elaborados por ellos y apoyarlos en sus ingresos durante la contingencia por Covid-19.<\/p>\n\n\n\n<p>Oaxaca es\nuno de los 11 estados que el Fondo Nacional seleccion\u00f3 para armar un cat\u00e1logo\nde 80 piezas distintas de cubrebocas elaborados con t\u00e9cnicas como el tejido en\ntelar de cintura y bordados de las distintas zonas de M\u00e9xico.<\/p>\n\n\n\n<p>El\nproyecto forma parte de la campa\u00f1a Contigo en la Distancia de las secretar\u00edas\nde Cultura y de Bienestar, a trav\u00e9s del cual el Fonart adquirir\u00e1 las piezas\npara ser puestas en venta en el perfil de Facebook de Fonart\n(\/artesanias.fonart) y en la plataforma contigoenladistancia.cultura.gob.mx.<\/p>\n\n\n\n<p>Los precios var\u00edan de entre los 78 pesos a los 140 pesos, seg\u00fan la t\u00e9cnica de elaboraci\u00f3n. <\/p>\n\n\n\n<figure class=\"wp-block-image\"><img decoding=\"async\" width=\"1024\" height=\"1024\" src=\"http:\/\/www.zonaroja.com.mx\/wp-content\/uploads\/2020\/07\/Cubrebocas-1-1024x1024.jpg\" alt=\"\" class=\"wp-image-14789\" srcset=\"https:\/\/zonaroja.com.mx\/wp-content\/uploads\/2020\/07\/Cubrebocas-1-1024x1024.jpg 1024w, https:\/\/zonaroja.com.mx\/wp-content\/uploads\/2020\/07\/Cubrebocas-1-150x150.jpg 150w, https:\/\/zonaroja.com.mx\/wp-content\/uploads\/2020\/07\/Cubrebocas-1-300x300.jpg 300w, https:\/\/zonaroja.com.mx\/wp-content\/uploads\/2020\/07\/Cubrebocas-1-768x768.jpg 768w, https:\/\/zonaroja.com.mx\/wp-content\/uploads\/2020\/07\/Cubrebocas-1-585x585.jpg 585w, https:\/\/zonaroja.com.mx\/wp-content\/uploads\/2020\/07\/Cubrebocas-1-640x640.jpg 640w, https:\/\/zonaroja.com.mx\/wp-content\/uploads\/2020\/07\/Cubrebocas-1.jpg 1080w\" sizes=\"(max-width: 1024px) 100vw, 1024px\" \/><\/figure>\n\n\n\n<p>Los\ndise\u00f1os oaxaque\u00f1os son de los m\u00e1s econ\u00f3micos, hechos con tejido de telar de\ncintura con iconograf\u00eda tradicional zapoteca, as\u00ed como de manta de algod\u00f3n,\nbordados a m\u00e1quina, mientras que los de Malinalco, Estado de M\u00e9xico, los m\u00e1s\ncostosos; son de telar de cintura con t\u00e9cnica para realizar el rebozo.<\/p>\n\n\n\n<p>Los\nartesanos mexicanos, y en especial los oaxaque\u00f1os en distintas regiones de la\nentidad, innovaron sus productos con la llegada de la pandemia por Covid-19, lo\ncual merm\u00f3 en sus ingresos por la suspensi\u00f3n de distintas ferias, as\u00ed como el\ncierre al turismo.<\/p>\n\n\n\n<p>As\u00ed\ntambi\u00e9n, durante la contingencia familias de San Bartolo Coyotepec, junto a\notras 200 de estados como Chiapas, Guerrero, Puebla, Estado de M\u00e9xico, trabajan\nen pedidos especiales de mayoreo, con un total aproximado de 25 mil piezas en\nalfarer\u00eda, fibras vegetales y textiles.<\/p>\n","protected":false},"excerpt":{"rendered":"<p>Yuridiana Sosa\/Zona Roja. Oaxaca de Ju\u00e1rez, Oax., 10 de julio de 2020.- Artesanos de San&hellip;<\/p>\n","protected":false},"author":2,"featured_media":14790,"comment_status":"closed","ping_status":"open","sticky":false,"template":"","format":"standard","meta":{"_lmt_disableupdate":"","_lmt_disable":"","_jetpack_memberships_contains_paid_content":false,"footnotes":""},"categories":[109,46],"tags":[1817],"class_list":["post-14788","post","type-post","status-publish","format-standard","has-post-thumbnail","hentry","category-minuto-a-minuto","category-zona-blanca","tag-cubrebocas-artesanales-oaxaca"],"jetpack_featured_media_url":"https:\/\/zonaroja.com.mx\/wp-content\/uploads\/2020\/07\/Cubrebocas-2.jpg","jetpack_sharing_enabled":true,"_links":{"self":[{"href":"https:\/\/zonaroja.com.mx\/index.php?rest_route=\/wp\/v2\/posts\/14788","targetHints":{"allow":["GET"]}}],"collection":[{"href":"https:\/\/zonaroja.com.mx\/index.php?rest_route=\/wp\/v2\/posts"}],"about":[{"href":"https:\/\/zonaroja.com.mx\/index.php?rest_route=\/wp\/v2\/types\/post"}],"author":[{"embeddable":true,"href":"https:\/\/zonaroja.com.mx\/index.php?rest_route=\/wp\/v2\/users\/2"}],"replies":[{"embeddable":true,"href":"https:\/\/zonaroja.com.mx\/index.php?rest_route=%2Fwp%2Fv2%2Fcomments&post=14788"}],"version-history":[{"count":2,"href":"https:\/\/zonaroja.com.mx\/index.php?rest_route=\/wp\/v2\/posts\/14788\/revisions"}],"predecessor-version":[{"id":14828,"href":"https:\/\/zonaroja.com.mx\/index.php?rest_route=\/wp\/v2\/posts\/14788\/revisions\/14828"}],"wp:featuredmedia":[{"embeddable":true,"href":"https:\/\/zonaroja.com.mx\/index.php?rest_route=\/wp\/v2\/media\/14790"}],"wp:attachment":[{"href":"https:\/\/zonaroja.com.mx\/index.php?rest_route=%2Fwp%2Fv2%2Fmedia&parent=14788"}],"wp:term":[{"taxonomy":"category","embeddable":true,"href":"https:\/\/zonaroja.com.mx\/index.php?rest_route=%2Fwp%2Fv2%2Fcategories&post=14788"},{"taxonomy":"post_tag","embeddable":true,"href":"https:\/\/zonaroja.com.mx\/index.php?rest_route=%2Fwp%2Fv2%2Ftags&post=14788"}],"curies":[{"name":"wp","href":"https:\/\/api.w.org\/{rel}","templated":true}]}}