{"id":14792,"date":"2020-07-08T22:07:14","date_gmt":"2020-07-09T03:07:14","guid":{"rendered":"http:\/\/www.zonaroja.com.mx\/?p=14792"},"modified":"2020-07-09T07:51:30","modified_gmt":"2020-07-09T12:51:30","slug":"registra-oaxaca-cuatro-homicidios-en-las-ultimas-24-horas","status":"publish","type":"post","link":"https:\/\/zonaroja.com.mx\/?p=14792","title":{"rendered":"Registra Oaxaca cuatro homicidios en las \u00faltimas 24 horas"},"content":{"rendered":"\n<p>Redacci\u00f3n\/Zona\nRoja.<\/p>\n\n\n\n<p>Oaxaca de\nJu\u00e1rez, Oax., 8 de julio de 2020.- Cuatro personas perdieron la vida en las\n\u00faltimas 24 horas en Oaxaca, dos de ellas por accidente, una por presunto\nsuicidio y otra por ataque con arma blanca.<\/p>\n\n\n\n<p>Esta noche\nse inform\u00f3 del fallecimiento de una persona del sexo masculino, que fue\napu\u00f1alada ayer por la tarde en inmediaciones del mercado \u201c20 de Noviembre\u201d de\nla capital.<\/p>\n\n\n\n<p>La\nv\u00edctima fue identificada como Juan M. V., de 15 a\u00f1os de edad, quien falleci\u00f3\ncuando recib\u00eda atenci\u00f3n m\u00e9dica en un hospital.<\/p>\n\n\n\n<p>En tanto, la tarde de ayer fue localizado el cad\u00e1ver de una joven en un domicilio de la calle Prolongaci\u00f3n de Independencia, del Barrio San Pedro, Heroica Ciudad de Tlaxiaco.<\/p>\n\n\n\n<p>Hasta el momento se desconocen las causas del fallecimiento y la \u00faltima vez que se le vio con vida fue el s\u00e1bado 4 de julio; era originaria de San Miguel El Grande, ten\u00eda 19 a\u00f1os de edad y viv\u00eda en el cuarto rentado.<\/p>\n\n\n\n<p>Por otra\nparte, en Lagunas, localidad de El Barrio de la Soledad, municipio de la regi\u00f3n\ndel Istmo de Tehuantepec, se inform\u00f3 de la muerte de dos obreros, en las\ninstalaciones de la f\u00e1brica de cemento propiedad de la compa\u00f1\u00eda Cruz Azul.<\/p>\n\n\n\n<p>Presuntamente\ncayeron de una canastilla a una altura de unos 35 metros, cuando realizaban\ntrabajos en el \u00e1rea de molinos de crudo.<\/p>\n\n\n\n<p>La empresa\nno ha emitido hasta ahora alg\u00fan comunicado al respecto.<\/p>\n","protected":false},"excerpt":{"rendered":"<p>Redacci\u00f3n\/Zona Roja. Oaxaca de Ju\u00e1rez, Oax., 8 de julio de 2020.- Cuatro personas perdieron la&hellip;<\/p>\n","protected":false},"author":2,"featured_media":14793,"comment_status":"closed","ping_status":"open","sticky":false,"template":"","format":"standard","meta":{"_lmt_disableupdate":"","_lmt_disable":"","_jetpack_memberships_contains_paid_content":false,"footnotes":""},"categories":[109,51],"tags":[1382],"class_list":["post-14792","post","type-post","status-publish","format-standard","has-post-thumbnail","hentry","category-minuto-a-minuto","category-zona-roja","tag-lagunas-el-barrio-la-soledad"],"jetpack_featured_media_url":"https:\/\/zonaroja.com.mx\/wp-content\/uploads\/2020\/07\/Accidente-Cruz-Azul.jpg","jetpack_sharing_enabled":true,"_links":{"self":[{"href":"https:\/\/zonaroja.com.mx\/index.php?rest_route=\/wp\/v2\/posts\/14792","targetHints":{"allow":["GET"]}}],"collection":[{"href":"https:\/\/zonaroja.com.mx\/index.php?rest_route=\/wp\/v2\/posts"}],"about":[{"href":"https:\/\/zonaroja.com.mx\/index.php?rest_route=\/wp\/v2\/types\/post"}],"author":[{"embeddable":true,"href":"https:\/\/zonaroja.com.mx\/index.php?rest_route=\/wp\/v2\/users\/2"}],"replies":[{"embeddable":true,"href":"https:\/\/zonaroja.com.mx\/index.php?rest_route=%2Fwp%2Fv2%2Fcomments&post=14792"}],"version-history":[{"count":2,"href":"https:\/\/zonaroja.com.mx\/index.php?rest_route=\/wp\/v2\/posts\/14792\/revisions"}],"predecessor-version":[{"id":14795,"href":"https:\/\/zonaroja.com.mx\/index.php?rest_route=\/wp\/v2\/posts\/14792\/revisions\/14795"}],"wp:featuredmedia":[{"embeddable":true,"href":"https:\/\/zonaroja.com.mx\/index.php?rest_route=\/wp\/v2\/media\/14793"}],"wp:attachment":[{"href":"https:\/\/zonaroja.com.mx\/index.php?rest_route=%2Fwp%2Fv2%2Fmedia&parent=14792"}],"wp:term":[{"taxonomy":"category","embeddable":true,"href":"https:\/\/zonaroja.com.mx\/index.php?rest_route=%2Fwp%2Fv2%2Fcategories&post=14792"},{"taxonomy":"post_tag","embeddable":true,"href":"https:\/\/zonaroja.com.mx\/index.php?rest_route=%2Fwp%2Fv2%2Ftags&post=14792"}],"curies":[{"name":"wp","href":"https:\/\/api.w.org\/{rel}","templated":true}]}}