{"id":14799,"date":"2020-07-09T08:19:46","date_gmt":"2020-07-09T13:19:46","guid":{"rendered":"http:\/\/www.zonaroja.com.mx\/?p=14799"},"modified":"2020-07-09T08:19:50","modified_gmt":"2020-07-09T13:19:50","slug":"amlo-y-trump-reunion-de-halagos-en-washington","status":"publish","type":"post","link":"https:\/\/zonaroja.com.mx\/?p=14799","title":{"rendered":"AMLO y Trump, reuni\u00f3n de halagos en Washington"},"content":{"rendered":"\n<p>Redacci\u00f3n\/Zona\nRoja Cdmx.<\/p>\n\n\n\n<p>Ciudad de\nM\u00e9xico, 9 de julio de 2020.- No hubo apret\u00f3n de manos, tampoco agravios, s\u00f3lo\nelogios, coincidencias y b\u00e9isbol. <\/p>\n\n\n\n<p>El\npresidente Donald Trump cambi\u00f3 su discurso, de la xenofobia a la amistad; L\u00f3pez\nObrador le agradeci\u00f3 por el trato de \u201cgentileza y respeto\u201d que tuvo con \u00e9l, con\nM\u00e9xico y con nuestros paisanos, rese\u00f1a el diario \u201cEl Financiero\u201d.<\/p>\n\n\n\n<p>Una\ncamioneta blindada dej\u00f3 al presidente Andr\u00e9s Manuel L\u00f3pez Obrador en la puerta\nde la Casa Blanca; Trump le vio bajar e hizo un adem\u00e1n, pidi\u00f3 sonre\u00edr para las\nc\u00e1maras, le invit\u00f3 a pasar, dio media vuelta y se fue; el mexicano le sigui\u00f3\nhasta el Sal\u00f3n Oval.<\/p>\n\n\n\n<p>Noventa\nminutos de reuni\u00f3n bastaron. Seg\u00fan el acuerdo final, firmado desde el Jard\u00edn de\nlas Rosas de la Casa Blanca, fue el libre comercio y el Tratado M\u00e9xico, Estados\nUnidos y Canad\u00e1 (T-MEC) el pretexto para intercambiar halagos.<\/p>\n\n\n\n<p>Los\nelogios comenzaron de norte a sur. Donald Trump llam\u00f3 amigo al mandatario\nmexicano y apel\u00f3 a la historia, al destacar la buena relaci\u00f3n que tuvo Abraham\nLincoln y Benito Ju\u00e1rez; \u201cadem\u00e1s, se ten\u00edan gran estima\u201d, dijo en su mensaje.<\/p>\n\n\n\n<p>\u201cEs un\nhonor que su primera visita sea a la Casa Blanca. La relaci\u00f3n entre Estados\nUnidos y M\u00e9xico jam\u00e1s hab\u00eda sido tan estrecha como lo es hoy\u201d, a\u00f1adi\u00f3, seg\u00fan la\ncr\u00f3nica period\u00edstica de \u201cEl Financiero\u201d.<\/p>\n\n\n\n<p>El estadounidense tambi\u00e9n apost\u00f3 por una vieja conocida, y desde el templete se lanz\u00f3 contra la oposici\u00f3n: \u201cla gente le apostaba en contra a esta relaci\u00f3n, pero jam\u00e1s ha sido m\u00e1s estrecha, m\u00e1s cercana\u201d, sentenci\u00f3.<\/p>\n\n\n\n<figure class=\"wp-block-embed-twitter wp-block-embed is-type-rich is-provider-twitter\"><div class=\"wp-block-embed__wrapper\">\n<div class=\"twitter-tweet\"><blockquote class=\"twitter-tweet\" data-lang=\"es\"><p lang=\"es\" dir=\"ltr\"><a href=\"https:\/\/twitter.com\/hashtag\/AMLOEnEU?src=hash&amp;ref_src=twsrc%5Etfw\">#AMLOEnEU<\/a><br>Como \u201cvisita excepcional\u201d, calific\u00f3 <a href=\"https:\/\/twitter.com\/realDonaldTrump?ref_src=twsrc%5Etfw\">@realDonaldTrump<\/a> la presencia del mandatario <a href=\"https:\/\/twitter.com\/lopezobrador_?ref_src=twsrc%5Etfw\">@lopezobrador_<\/a> en los Estados Unidos; lo llam\u00f3 tambi\u00e9n \u201cgran presidente\u201d, \u201cbuen amigo\u201d, en un mensaje de esta noche, previo a una cena para la delegaci\u00f3n mexicana. <a href=\"https:\/\/t.co\/6wByMfiBFI\">pic.twitter.com\/6wByMfiBFI<\/a><\/p>&mdash; Zona Roja Oaxaca (@MexRoja) <a href=\"https:\/\/twitter.com\/MexRoja\/status\/1281016182556856320?ref_src=twsrc%5Etfw\">9 de julio de 2020<\/a><\/blockquote><\/div>\n<\/div><\/figure>\n\n\n\n<p>Fueron\nprecisamente los puntos de coincidencia. L\u00f3pez Obrador retom\u00f3 el discurso:\n\u201cpensaban que nuestras diferencias ideol\u00f3gicas habr\u00e1n de llevarnos de manera\ninevitable al enfrentamiento. Afortunadamente ese mal augurio no se cumpli\u00f3\u2026\u201d\nsentenci\u00f3.<\/p>\n\n\n\n<p>El\npresidente mexicano suprimi\u00f3 del historial cuando, en 2016, Donald Trump se\nrefiri\u00f3 a los mexicanos como \u201cvioladores\u201d y \u201ccriminales\u201d, pero tambi\u00e9n olvid\u00f3\nlo que escribi\u00f3 su libro de 2017 cuando se refiri\u00f3 al estadounidense como un\nser \u201cinhumano\u201d por querer levantar un muro.<\/p>\n\n\n\n<p>\u201cQuise\nestar aqu\u00ed para agradecerle al pueblo de Estados Unidos, a su gobierno y a\nusted, presidente Trump, por ser cada vez m\u00e1s respetuosos con nuestros paisanos\nmexicanos\u201d, dijo el mexicano en su discurso, rese\u00f1a la informaci\u00f3n de \u201cEl\nFinanciero\u201d.<\/p>\n\n\n\n<p>Desde el\njard\u00edn de la Casa Blanca celebr\u00f3 que \u201cen vez de agravios hacia mi persona y, lo\nque estimo m\u00e1s importante, hacia mi pa\u00eds, hemos recibido de usted, comprensi\u00f3n\ny respeto\u201d.<\/p>\n\n\n\n<p>\u201cNos ha\ntratado como lo que somos, un pa\u00eds y un pueblo digno, libre, democr\u00e1tico y\nsoberano\u201d, y remat\u00f3 con tres vivas para M\u00e9xico.<\/p>\n\n\n\n<p>Quien s\u00ed record\u00f3 la mala relaci\u00f3n fue el exvicepresidente dem\u00f3crata y aspirante a la Casa Blanca, Joe Biden, que encabeza las preferencias electorales rumbo a la presidencia de Estados Unidos, y quien no dej\u00f3 pasar la oportunidad para recordarle al republicano y adversario de propagar el racismo contra la comunidad latina.<\/p>\n\n\n\n<figure class=\"wp-block-embed-twitter wp-block-embed is-type-rich is-provider-twitter\"><div class=\"wp-block-embed__wrapper\">\n<div class=\"twitter-tweet\"><blockquote class=\"twitter-tweet\" data-lang=\"es\"><p lang=\"es\" dir=\"ltr\">AMLOEnEU<br>Mientras tanto, el <a href=\"https:\/\/twitter.com\/lopezobrador_?ref_src=twsrc%5Etfw\">@lopezobrador_<\/a> suscribi\u00f3 lo dicho por <a href=\"https:\/\/twitter.com\/realDonaldTrump?ref_src=twsrc%5Etfw\">@realDonaldTrump<\/a>; \u201csomos pa\u00edses, somos vecinos, hermanos que queremos mantener buenas relaciones, en lo econ\u00f3mico, en lo social, en lo cultural; ese es el prop\u00f3sito de esta visita\u201d, expres\u00f3. <a href=\"https:\/\/t.co\/hI9cZps98h\">pic.twitter.com\/hI9cZps98h<\/a><\/p>&mdash; Zona Roja Oaxaca (@MexRoja) <a href=\"https:\/\/twitter.com\/MexRoja\/status\/1281017460997554182?ref_src=twsrc%5Etfw\">9 de julio de 2020<\/a><\/blockquote><\/div>\n<\/div><\/figure>\n\n\n\n<p>El\ncanciller Marcelo Ebrard destac\u00f3 de la reuni\u00f3n temas como las inversiones, la\ncoordinaci\u00f3n para enfrentar la pandemia de COVID-19, y la \u201cvisi\u00f3n\u201d de ambos\npresidentes sobre la recuperaci\u00f3n econ\u00f3mica, mientras que la vocera de la Casa\nBlanca, Kayleigh McEnany, descart\u00f3 que el muro, la inmigraci\u00f3n ilegal y el\nnarcotr\u00e1fico hayan sido puntos en com\u00fan.<\/p>\n\n\n\n<p>Sigui\u00f3 la\ncena, y antes de probar el robalo con papas al azafr\u00e1n y el pur\u00e9 de chiriv\u00eda,\nen la recepci\u00f3n de la Casa Blanca continuaron los aplausos.<\/p>\n\n\n\n<p>\u201cA este\ngran presidente me gustar\u00eda decir que ha sido un placer tenerlo con nosotros el\nd\u00eda de hoy, y ha sido un privilegio tenerlo como amigo. Hemos tenido una\nrelaci\u00f3n muy buena desde el principio\u201d, se\u00f1al\u00f3 Trump ante un auditorio repleto\nde hombres de negocios.<\/p>\n\n\n\n<p>En\nrespuesta, L\u00f3pez Obrador anunci\u00f3 un nuevo cap\u00edtulo en la relaci\u00f3n comercial,\nagradeci\u00f3 a su comitiva, a los empresarios y a su nueva amistad. \u201cFallaron los\npron\u00f3sticos, no nos peleamos, somos amigos y vamos a seguir siendo amigos\u201d,\nacot\u00f3.<\/p>\n\n\n\n<p>No hubo\nma\u00f1anera, pero aun as\u00ed L\u00f3pez Obrador madrug\u00f3 en Washington D.C. Muy temprano,\nel Presidente coloc\u00f3 una ofrenda floral, primero en el monumento a Lincoln,\nminutos m\u00e1s tarde, a los pies de Ju\u00e1rez, envuelto entre porras y protestas de\nmexicanos en Estados Unidos.<\/p>\n\n\n\n<p>(Informaci\u00f3n\nde \u201cEl Financiero\u201d)<\/p>\n","protected":false},"excerpt":{"rendered":"<p>Redacci\u00f3n\/Zona Roja Cdmx. Ciudad de M\u00e9xico, 9 de julio de 2020.- No hubo apret\u00f3n de&hellip;<\/p>\n","protected":false},"author":2,"featured_media":14800,"comment_status":"closed","ping_status":"open","sticky":false,"template":"","format":"standard","meta":{"_lmt_disableupdate":"","_lmt_disable":"","_jetpack_memberships_contains_paid_content":false,"footnotes":""},"categories":[109,46],"tags":[143,1060],"class_list":["post-14799","post","type-post","status-publish","format-standard","has-post-thumbnail","hentry","category-minuto-a-minuto","category-zona-blanca","tag-andres-manuel-lopez-obrador","tag-donald-trump"],"jetpack_featured_media_url":"https:\/\/zonaroja.com.mx\/wp-content\/uploads\/2020\/07\/AMLo-en-Estados-Unidos.jpg","jetpack_sharing_enabled":true,"_links":{"self":[{"href":"https:\/\/zonaroja.com.mx\/index.php?rest_route=\/wp\/v2\/posts\/14799","targetHints":{"allow":["GET"]}}],"collection":[{"href":"https:\/\/zonaroja.com.mx\/index.php?rest_route=\/wp\/v2\/posts"}],"about":[{"href":"https:\/\/zonaroja.com.mx\/index.php?rest_route=\/wp\/v2\/types\/post"}],"author":[{"embeddable":true,"href":"https:\/\/zonaroja.com.mx\/index.php?rest_route=\/wp\/v2\/users\/2"}],"replies":[{"embeddable":true,"href":"https:\/\/zonaroja.com.mx\/index.php?rest_route=%2Fwp%2Fv2%2Fcomments&post=14799"}],"version-history":[{"count":1,"href":"https:\/\/zonaroja.com.mx\/index.php?rest_route=\/wp\/v2\/posts\/14799\/revisions"}],"predecessor-version":[{"id":14801,"href":"https:\/\/zonaroja.com.mx\/index.php?rest_route=\/wp\/v2\/posts\/14799\/revisions\/14801"}],"wp:featuredmedia":[{"embeddable":true,"href":"https:\/\/zonaroja.com.mx\/index.php?rest_route=\/wp\/v2\/media\/14800"}],"wp:attachment":[{"href":"https:\/\/zonaroja.com.mx\/index.php?rest_route=%2Fwp%2Fv2%2Fmedia&parent=14799"}],"wp:term":[{"taxonomy":"category","embeddable":true,"href":"https:\/\/zonaroja.com.mx\/index.php?rest_route=%2Fwp%2Fv2%2Fcategories&post=14799"},{"taxonomy":"post_tag","embeddable":true,"href":"https:\/\/zonaroja.com.mx\/index.php?rest_route=%2Fwp%2Fv2%2Ftags&post=14799"}],"curies":[{"name":"wp","href":"https:\/\/api.w.org\/{rel}","templated":true}]}}