{"id":14802,"date":"2020-07-09T08:27:18","date_gmt":"2020-07-09T13:27:18","guid":{"rendered":"http:\/\/www.zonaroja.com.mx\/?p=14802"},"modified":"2020-07-09T08:27:21","modified_gmt":"2020-07-09T13:27:21","slug":"revista-reconoce-a-oaxaca-como-la-mejor-ciudad-turistica-del-mundo","status":"publish","type":"post","link":"https:\/\/zonaroja.com.mx\/?p=14802","title":{"rendered":"Revista reconoce a Oaxaca como la mejor ciudad tur\u00edstica del mundo"},"content":{"rendered":"\n<p>Redacci\u00f3n\/Zona\nRoja.<\/p>\n\n\n\n<p>Oaxaca de\nJu\u00e1rez, Oax. 9 de julio de 2020.- Lectores de la revista Travel + Leisure\nvotaron para que Oaxaca fuera reconocida en la categor\u00eda de Top City Overall y\nTop City, M\u00e9xico en el certamen The World\u00b4s Best que reconoce a lo mejor en el\nsector de viajes.<\/p>\n\n\n\n<p>De\nacuerdo con un comunicado del Gobierno del Estado, Travel + Leisure es una de\nlas revistas internacionales m\u00e1s importante del mundo y a\u00f1o con a\u00f1o realiza una\nencuesta para que las y los viajeros compartan sus opiniones sobre los\nprincipales destinos y las compa\u00f1\u00edas de viajes, y as\u00ed, premiar a lo mejor del\nmundo.<\/p>\n\n\n\n<p>Desde el\na\u00f1o pasado, la Secretar\u00eda de Turismo recibi\u00f3 la notificaci\u00f3n de que Oaxaca se\nencontraba nominada para los The World\u00b4s Best, por lo que invitaba a sus\nlectores y viajeros a emitir sus votaciones y opiniones, desde el mes de\nnoviembre hasta el mes de marzo.<\/p>\n\n\n\n<p>As\u00ed las y\nlos votantes eligieron que Oaxaca deber\u00eda obtener los dos galardones, que este\na\u00f1o, debido a la emergencia sanitaria, fueron enviados directamente a los\nganadores.<\/p>\n\n\n\n<p>\u201cCabe\nse\u00f1alar que, durante la administraci\u00f3n del gobernador Alejandro Murat Hinojosa,\nOaxaca ha figurado cada a\u00f1o entre las mejores 15 ciudades del mundo y en el top\nde las cinco mejores ciudades de M\u00e9xico de acuerdo con esta publicaci\u00f3n con\npresencia mundial, lo que refleja los esfuerzos realizados en materia de\npromoci\u00f3n y mejoramiento de la infraestructura tur\u00edstica\u201d.<\/p>\n","protected":false},"excerpt":{"rendered":"<p>Redacci\u00f3n\/Zona Roja. Oaxaca de Ju\u00e1rez, Oax. 9 de julio de 2020.- Lectores de la revista&hellip;<\/p>\n","protected":false},"author":2,"featured_media":14803,"comment_status":"closed","ping_status":"open","sticky":false,"template":"","format":"standard","meta":{"_lmt_disableupdate":"","_lmt_disable":"","_jetpack_memberships_contains_paid_content":false,"footnotes":""},"categories":[109,46],"tags":[148],"class_list":["post-14802","post","type-post","status-publish","format-standard","has-post-thumbnail","hentry","category-minuto-a-minuto","category-zona-blanca","tag-oaxaca-de-juarez"],"jetpack_featured_media_url":"https:\/\/zonaroja.com.mx\/wp-content\/uploads\/2020\/07\/Ciudad-de-Oaxaca.jpg","jetpack_sharing_enabled":true,"_links":{"self":[{"href":"https:\/\/zonaroja.com.mx\/index.php?rest_route=\/wp\/v2\/posts\/14802","targetHints":{"allow":["GET"]}}],"collection":[{"href":"https:\/\/zonaroja.com.mx\/index.php?rest_route=\/wp\/v2\/posts"}],"about":[{"href":"https:\/\/zonaroja.com.mx\/index.php?rest_route=\/wp\/v2\/types\/post"}],"author":[{"embeddable":true,"href":"https:\/\/zonaroja.com.mx\/index.php?rest_route=\/wp\/v2\/users\/2"}],"replies":[{"embeddable":true,"href":"https:\/\/zonaroja.com.mx\/index.php?rest_route=%2Fwp%2Fv2%2Fcomments&post=14802"}],"version-history":[{"count":1,"href":"https:\/\/zonaroja.com.mx\/index.php?rest_route=\/wp\/v2\/posts\/14802\/revisions"}],"predecessor-version":[{"id":14804,"href":"https:\/\/zonaroja.com.mx\/index.php?rest_route=\/wp\/v2\/posts\/14802\/revisions\/14804"}],"wp:featuredmedia":[{"embeddable":true,"href":"https:\/\/zonaroja.com.mx\/index.php?rest_route=\/wp\/v2\/media\/14803"}],"wp:attachment":[{"href":"https:\/\/zonaroja.com.mx\/index.php?rest_route=%2Fwp%2Fv2%2Fmedia&parent=14802"}],"wp:term":[{"taxonomy":"category","embeddable":true,"href":"https:\/\/zonaroja.com.mx\/index.php?rest_route=%2Fwp%2Fv2%2Fcategories&post=14802"},{"taxonomy":"post_tag","embeddable":true,"href":"https:\/\/zonaroja.com.mx\/index.php?rest_route=%2Fwp%2Fv2%2Ftags&post=14802"}],"curies":[{"name":"wp","href":"https:\/\/api.w.org\/{rel}","templated":true}]}}