{"id":14805,"date":"2020-07-09T11:14:31","date_gmt":"2020-07-09T16:14:31","guid":{"rendered":"http:\/\/www.zonaroja.com.mx\/?p=14805"},"modified":"2020-07-09T11:14:35","modified_gmt":"2020-07-09T16:14:35","slug":"ordena-tepjf-a-tribunal-de-oaxaca-iniciar-juicio-contra-de-oswaldo-jarquin","status":"publish","type":"post","link":"https:\/\/zonaroja.com.mx\/?p=14805","title":{"rendered":"Ordena TEPJF a Tribunal de Oaxaca iniciar juicio contra de Oswaldo Jarqu\u00edn"},"content":{"rendered":"\n<p>Evlin\nArag\u00f3n\/Zona Roja.<\/p>\n\n\n\n<p>Oaxaca de\nJu\u00e1rez, Oax., 9 de julio de 2020.- El pleno de la Sala Regional Xalapa del\nTribunal Electoral del Poder Judicial de la Federaci\u00f3n orden\u00f3 al Tribunal Electoral\ndel Estado de Oaxaca (TEEO) recibir y tramitar el juicio ciudadano para la\nProtecci\u00f3n de los Derechos Pol\u00edtico-Electorales promovido por Jaqueline Mariana\nEscamilla Villanueva, tras su despido del Instituto Municipal de las Mujeres de\nOaxaca de Ju\u00e1rez, mismo que ha referido fue injustificado y derivo en violencia\npol\u00edtica por raz\u00f3n de g\u00e9nero por parte del edil Oswaldo Garc\u00eda Jarqu\u00edn.<\/p>\n\n\n\n<p>Lo\nanterior en sesi\u00f3n p\u00fablica no presencial, realizada este mi\u00e9rcoles, en la que\nse expuso el juicio 182\/2020 que lleg\u00f3 a sus manos luego de que el Tribunal de\nOaxaca se negar\u00e1 a recibir el documento promovido por Escamilla Villanueva, con\nfecha 3 de junio, debido a que por acuerdo previo se determin\u00f3 el cierre de la\ninstituci\u00f3n del 1 al 15 de junio debido a la pandemia, contraviniendo los\nderechos de acceso a la justicia y tutela judicial en perjuicio de la\nciudadan\u00eda oaxaque\u00f1a.<\/p>\n\n\n\n<p>\u201cEs claro\nque la omisi\u00f3n no resulta ni apegada a derecho ni justificada, no obstante, no\ncompete al Tribunal Electoral del Poder Judicial de la Federaci\u00f3n su resoluci\u00f3n\npor lo que se remite al Tribunal Estatal de Oaxaca para que la reciba con la\nfecha inicial intentada\u201d, refirieron en la presentaci\u00f3n del caso en sesi\u00f3n\np\u00fablica.<\/p>\n\n\n\n<p>Con la presencia de la magistrada Eva Barrientos Zepeda, y los magistrados Enrique Figueroa \u00c1vila y Ad\u00edn Antonio de Le\u00f3n G\u00e1lvez, se determin\u00f3 que el TEEO califique el juicio como urgente dado que implica presuntos de actos de violencia pol\u00edtica por raz\u00f3n de g\u00e9nero y resuelva en el plazo de 10 d\u00edas naturales, luego de ser recibida la notificaci\u00f3n.<\/p>\n\n\n\n<figure class=\"wp-block-embed-twitter wp-block-embed is-type-rich is-provider-twitter\"><div class=\"wp-block-embed__wrapper\">\n<div class=\"twitter-tweet\"><blockquote class=\"twitter-tweet\" data-lang=\"es\"><p lang=\"es\" dir=\"ltr\">\ud835\udc12\ud835\udc04\ud835\udc12\ud835\udc08\ud835\udc0e\u0301\ud835\udc0d \ud835\udc0d\ud835\udc0e \ud835\udc0f\ud835\udc11\ud835\udc04\ud835\udc12\ud835\udc04\ud835\udc0d\ud835\udc02\ud835\udc08\ud835\udc00\ud835\udc0b l 08 de julio de 2020<a href=\"https:\/\/twitter.com\/hashtag\/Destacado?src=hash&amp;ref_src=twsrc%5Etfw\">#Destacado<\/a> del bolet\u00edn de prensa de la <a href=\"https:\/\/twitter.com\/hashtag\/SalaXalapa?src=hash&amp;ref_src=twsrc%5Etfw\">#SalaXalapa<\/a>, relativo a la resoluci\u00f3n emitida en el JDC-182\/2020. <br>Informaci\u00f3n: <a href=\"https:\/\/t.co\/VF3937rMRW\">https:\/\/t.co\/VF3937rMRW<\/a> <a href=\"https:\/\/t.co\/GtG0odKcT1\">pic.twitter.com\/GtG0odKcT1<\/a><\/p>&mdash; Sala Xalapa (@TEPJF_XAL) <a href=\"https:\/\/twitter.com\/TEPJF_XAL\/status\/1281015098526453761?ref_src=twsrc%5Etfw\">8 de julio de 2020<\/a><\/blockquote><\/div>\n<\/div><\/figure>\n\n\n\n<p>\u201cEl\npresente juicio deriva de la omisi\u00f3n de la autoridad local de Oaxaca de recibir\ny tramitar la demanda que intent\u00f3 presentar la actora contra supuestos actos\nconstitutivo de violencia pol\u00edtica cometidos, y se se\u00f1ala al presidente\nmunicipal de Oaxaca, contra ella en su car\u00e1cter de directora del Instituto\nMunicipal de la Mujeres\u201d, puntualiz\u00f3 el magistrado presidente, Enrique Figueroa\n\u00c1vila.<\/p>\n\n\n\n<p>\u00c9l mismo\nexplic\u00f3 que la instancia federal no puede atraer el caso, debido a que por\nmandato judicial ya se encuentra laborando el TEEO, raz\u00f3n por la que se remite\nde vuelta para que un plazo de 10 d\u00edas se resuelva el caso, remitido n car\u00e1cter\nde urgente.<\/p>\n\n\n\n<p>Fue el\npasado 27 de mayo que, a trav\u00e9s de un video en las redes sociales, Jaqueline\nEscamilla Villanueva denunci\u00f3 su despido injustificado, el cual fue confirmado\ndos d\u00edas despu\u00e9s por la autoridad municipal que argument\u00f3 seguir los\nordenamientos legales que rigen a la administraci\u00f3n p\u00fablica tras la\ninsubordinaci\u00f3n por parte de la funcionaria.<\/p>\n\n\n\n<p>Por lo\nanterior, decenas de colectivos feministas y en defensa de las mujeres\nmanifestaron su rechazo a cualquier tipo de violencia, particularmente a\naquella que viene de las propias instituciones, la cual exigieron que sea\nresarcida y sancionada.<\/p>\n","protected":false},"excerpt":{"rendered":"<p>Evlin Arag\u00f3n\/Zona Roja. Oaxaca de Ju\u00e1rez, Oax., 9 de julio de 2020.- El pleno de&hellip;<\/p>\n","protected":false},"author":2,"featured_media":14806,"comment_status":"closed","ping_status":"open","sticky":false,"template":"","format":"standard","meta":{"_lmt_disableupdate":"","_lmt_disable":"","_jetpack_memberships_contains_paid_content":false,"footnotes":""},"categories":[109,47],"tags":[244],"class_list":["post-14805","post","type-post","status-publish","format-standard","has-post-thumbnail","hentry","category-minuto-a-minuto","category-zona-gris","tag-jaqueline-escamilla-villanueva"],"jetpack_featured_media_url":"https:\/\/zonaroja.com.mx\/wp-content\/uploads\/2020\/07\/Jaqueline-Escamilla.jpg","jetpack_sharing_enabled":true,"_links":{"self":[{"href":"https:\/\/zonaroja.com.mx\/index.php?rest_route=\/wp\/v2\/posts\/14805","targetHints":{"allow":["GET"]}}],"collection":[{"href":"https:\/\/zonaroja.com.mx\/index.php?rest_route=\/wp\/v2\/posts"}],"about":[{"href":"https:\/\/zonaroja.com.mx\/index.php?rest_route=\/wp\/v2\/types\/post"}],"author":[{"embeddable":true,"href":"https:\/\/zonaroja.com.mx\/index.php?rest_route=\/wp\/v2\/users\/2"}],"replies":[{"embeddable":true,"href":"https:\/\/zonaroja.com.mx\/index.php?rest_route=%2Fwp%2Fv2%2Fcomments&post=14805"}],"version-history":[{"count":1,"href":"https:\/\/zonaroja.com.mx\/index.php?rest_route=\/wp\/v2\/posts\/14805\/revisions"}],"predecessor-version":[{"id":14807,"href":"https:\/\/zonaroja.com.mx\/index.php?rest_route=\/wp\/v2\/posts\/14805\/revisions\/14807"}],"wp:featuredmedia":[{"embeddable":true,"href":"https:\/\/zonaroja.com.mx\/index.php?rest_route=\/wp\/v2\/media\/14806"}],"wp:attachment":[{"href":"https:\/\/zonaroja.com.mx\/index.php?rest_route=%2Fwp%2Fv2%2Fmedia&parent=14805"}],"wp:term":[{"taxonomy":"category","embeddable":true,"href":"https:\/\/zonaroja.com.mx\/index.php?rest_route=%2Fwp%2Fv2%2Fcategories&post=14805"},{"taxonomy":"post_tag","embeddable":true,"href":"https:\/\/zonaroja.com.mx\/index.php?rest_route=%2Fwp%2Fv2%2Ftags&post=14805"}],"curies":[{"name":"wp","href":"https:\/\/api.w.org\/{rel}","templated":true}]}}