{"id":14808,"date":"2020-07-09T11:32:57","date_gmt":"2020-07-09T16:32:57","guid":{"rendered":"http:\/\/www.zonaroja.com.mx\/?p=14808"},"modified":"2020-07-09T11:33:02","modified_gmt":"2020-07-09T16:33:02","slug":"atencion-medica-para-pedro-lezama-peligra-familia-pide-ayude-por-change-org","status":"publish","type":"post","link":"https:\/\/zonaroja.com.mx\/?p=14808","title":{"rendered":"Atenci\u00f3n m\u00e9dica para Pedro Lezama peligra; familia pide ayude por Change.org"},"content":{"rendered":"\n<p>Yuridiana\nSosa\/Zona Roja.<\/p>\n\n\n\n<p>San Juan\nBautista Tuxtepec, Oax., 9 de julio de 2020.- Ante la falta de garant\u00edas de la\nSecretar\u00eda del Trabajo y Previsi\u00f3n Social para el becario de \u201cJ\u00f3venes\nConstruyendo el Futuro\u201d, Pedro Lezama, en su atenci\u00f3n m\u00e9dica tras el accidente\nque casi le cuesta la vida, los padres del joven lanzaron una petici\u00f3n en\nChange.org para que el gobierno federal cumpla con este compromiso.<\/p>\n\n\n\n<p>Luego de\nculminar su periodo como becario durante un a\u00f1o, a inicios de junio, la\nSecretar\u00eda del Trabajo que dirige Luisa Mar\u00eda Alcalde Luj\u00e1n, interpuso un\nrecurso legal para echar abajo el amparo que la familia obtuvo de parte de un\nJuez de Distrito para que el joven reciba los servicios m\u00e9dicos en medio de un\nproceso de cirug\u00edas y recuperaci\u00f3n.<\/p>\n\n\n\n<p>Desde el\n3 de diciembre, Lezama Hern\u00e1ndez, originario de San Juan Bautista Tuxtepec, se\nencuentra en el Hospital de Especialidades \u201cLa Raza\u201d del IMSS tras el accidente\nque sufri\u00f3 el 19 de noviembre con unas l\u00e1minas que le partieron \u00f3rganos\ninternos durante actividades no permitidas ordenadas por el ayuntamiento de\nTuxtepec, donde se emple\u00f3.<\/p>\n\n\n\n<p>Ahora la\nSTPS s\u00f3lo quiere reconocer a Lezama Hern\u00e1ndez como \u201cvoluntario\u201d y ofrecer la\natenci\u00f3n m\u00e9dica bajo la calidad de \u201cbuena voluntad\u201d, lo que no garantiza su\natenci\u00f3n, explic\u00f3 la madre del joven, Claudia Hern\u00e1ndez Mart\u00ednez.<\/p>\n\n\n\n<p>En\ndiciembre Alcalde Luj\u00e1n junto con el titular del IMSS, Zo\u00e9 Robledo, visitaron\nal joven en el hospital y prometieron a la familia que la atenci\u00f3n continuar\u00eda\na\u00fan despu\u00e9s del plazo como becario y aunque los padres solicitaron por escrito\nese compromiso, nunca lleg\u00f3.<\/p>\n\n\n\n<p>\u201cQuisimos\nalzar la voz para que nos escuchen, porque mi hijo necesita todav\u00eda de mucha\natenci\u00f3n, de rehabilitaci\u00f3n y si le quitan la atenci\u00f3n corre en riesgo su\nvida\u201d, dijo la madre tras invitar a la comunidad a firmar la petici\u00f3n: \u201cSe\nasegure el Derecho a la salud para Pedro, el programa JCF debe garantizarlo\u201d.<\/p>\n\n\n\n<p>Pedro\nLezama se recupera con satisfacci\u00f3n de su s\u00e9ptima cirug\u00eda el pasado 25 de\njunio, para una reconexi\u00f3n de intestino.<\/p>\n","protected":false},"excerpt":{"rendered":"<p>Yuridiana Sosa\/Zona Roja. San Juan Bautista Tuxtepec, Oax., 9 de julio de 2020.- Ante la&hellip;<\/p>\n","protected":false},"author":2,"featured_media":14809,"comment_status":"closed","ping_status":"open","sticky":false,"template":"","format":"standard","meta":{"_lmt_disableupdate":"","_lmt_disable":"","_jetpack_memberships_contains_paid_content":false,"footnotes":""},"categories":[109,47],"tags":[1064],"class_list":["post-14808","post","type-post","status-publish","format-standard","has-post-thumbnail","hentry","category-minuto-a-minuto","category-zona-gris","tag-pedro-alberto-lezama-hernandez"],"jetpack_featured_media_url":"https:\/\/zonaroja.com.mx\/wp-content\/uploads\/2020\/07\/Pedro-Lezama-2.jpg","jetpack_sharing_enabled":true,"_links":{"self":[{"href":"https:\/\/zonaroja.com.mx\/index.php?rest_route=\/wp\/v2\/posts\/14808","targetHints":{"allow":["GET"]}}],"collection":[{"href":"https:\/\/zonaroja.com.mx\/index.php?rest_route=\/wp\/v2\/posts"}],"about":[{"href":"https:\/\/zonaroja.com.mx\/index.php?rest_route=\/wp\/v2\/types\/post"}],"author":[{"embeddable":true,"href":"https:\/\/zonaroja.com.mx\/index.php?rest_route=\/wp\/v2\/users\/2"}],"replies":[{"embeddable":true,"href":"https:\/\/zonaroja.com.mx\/index.php?rest_route=%2Fwp%2Fv2%2Fcomments&post=14808"}],"version-history":[{"count":1,"href":"https:\/\/zonaroja.com.mx\/index.php?rest_route=\/wp\/v2\/posts\/14808\/revisions"}],"predecessor-version":[{"id":14810,"href":"https:\/\/zonaroja.com.mx\/index.php?rest_route=\/wp\/v2\/posts\/14808\/revisions\/14810"}],"wp:featuredmedia":[{"embeddable":true,"href":"https:\/\/zonaroja.com.mx\/index.php?rest_route=\/wp\/v2\/media\/14809"}],"wp:attachment":[{"href":"https:\/\/zonaroja.com.mx\/index.php?rest_route=%2Fwp%2Fv2%2Fmedia&parent=14808"}],"wp:term":[{"taxonomy":"category","embeddable":true,"href":"https:\/\/zonaroja.com.mx\/index.php?rest_route=%2Fwp%2Fv2%2Fcategories&post=14808"},{"taxonomy":"post_tag","embeddable":true,"href":"https:\/\/zonaroja.com.mx\/index.php?rest_route=%2Fwp%2Fv2%2Ftags&post=14808"}],"curies":[{"name":"wp","href":"https:\/\/api.w.org\/{rel}","templated":true}]}}