{"id":14811,"date":"2020-07-09T13:55:12","date_gmt":"2020-07-09T18:55:12","guid":{"rendered":"http:\/\/www.zonaroja.com.mx\/?p=14811"},"modified":"2020-07-09T13:55:15","modified_gmt":"2020-07-09T18:55:15","slug":"protestas-de-sector-salud-se-extienden-en-tuxtepec-cierran-jurisdiccion","status":"publish","type":"post","link":"https:\/\/zonaroja.com.mx\/?p=14811","title":{"rendered":"Protestas de sector salud se extienden en Tuxtepec; cierran Jurisdicci\u00f3n"},"content":{"rendered":"\n<p>Yuridiana Sosa\/Zona Roja.  Foto: El Informador de la Cuenca<\/p>\n\n\n\n<p>San Juan\nBautista Tuxtepec, Oax., 9 de julio de 2020.- Integrantes del Frente Nacional\nde Trabajadores de Salud de la Rep\u00fablica Mexicana se apoderaron de las oficinas\nde la Jurisdicci\u00f3n Sanitaria n\u00famero 3 con sede en Tuxtepec, para exigir pagos\nde vi\u00e1ticos e insumos de protecci\u00f3n personal.<\/p>\n\n\n\n<p>Esta\nprotesta se une a la de trabajadores de tres secciones adheridas al Sindicato\nNacional de Trabajadores de la Secretar\u00eda de Salud instalada el viernes pasado\nen el Hospital Regional de Tuxtepec, por omisi\u00f3n del gobierno federal y del estatal\nen ofrecer garant\u00edas laborales y de salud en medio de la contingencia.<\/p>\n\n\n\n<p>En medio\nde la pandemia, los trabajadores del \u00e1rea de Vectores denunciaron\nirregularidades en los pagos de vi\u00e1ticos, conocido como gastos de camino, lo\ncuales emplean en su labor de la lucha contra el dengue, zika y chikungunya en\ntoda la regi\u00f3n de la Cuenca.<\/p>\n\n\n\n<p>La\nafectaci\u00f3n, indicaron, es para ocho trabajadores, pero temen que se aplique a\notros empleados como parte de un hostigamiento laboral por cuestiones\nsindicales.<\/p>\n\n\n\n<p>\u201cNo\nrepresalias, ni hostigamiento laboral\u201d, indicaron en las cartulinas instaladas\nen los accesos de las oficinas, donde se habilit\u00f3 en m\u00f3dulo para la toma de\nmuestras Covid-19.<\/p>\n\n\n\n<p>Tambi\u00e9n\naprovecharon para exigir la entrega de equipo de protecci\u00f3n personal de calidad\npara todos los trabajadores de salud que conforman la primera l\u00ednea de batalla\nen el hospital regional.<\/p>\n\n\n\n<p>Adem\u00e1s,\nde acuerdo a informaci\u00f3n en el medio TVBus Televisi\u00f3n, trabajadores de la\ncl\u00ednica familiar n\u00famero 64 del Instituto Mexicano del Seguro Social (IMSS),\ntambi\u00e9n denunciaron falta de insumos de higiene y protecci\u00f3n ante la\nhabilitaci\u00f3n de un \u00e1rea Covid en ese recinto.<\/p>\n\n\n\n<p>Pues ante\nla saturaci\u00f3n de servicios m\u00e9dicos, del cual el hospital&nbsp; de zona n\u00famero 3 del IMSS, se ha visto\nrebasado, se acondicion\u00f3 un espacio para pacientes Covid en la cl\u00ednica, pero\nque tampoco cuentan con las especificaciones de infraestructura adecuadas,\ndenunciaron los empleados.<\/p>\n","protected":false},"excerpt":{"rendered":"<p>Yuridiana Sosa\/Zona Roja. Foto: El Informador de la Cuenca San Juan Bautista Tuxtepec, Oax., 9&hellip;<\/p>\n","protected":false},"author":2,"featured_media":14812,"comment_status":"closed","ping_status":"open","sticky":false,"template":"","format":"standard","meta":{"_lmt_disableupdate":"","_lmt_disable":"","_jetpack_memberships_contains_paid_content":false,"footnotes":""},"categories":[109,47],"tags":[1005],"class_list":["post-14811","post","type-post","status-publish","format-standard","has-post-thumbnail","hentry","category-minuto-a-minuto","category-zona-gris","tag-servicios-de-salud-de-oaxaca-sso"],"jetpack_featured_media_url":"https:\/\/zonaroja.com.mx\/wp-content\/uploads\/2020\/07\/Jurisdicci\u00f3n-Sanitaria-Tuxtepec.jpg","jetpack_sharing_enabled":true,"_links":{"self":[{"href":"https:\/\/zonaroja.com.mx\/index.php?rest_route=\/wp\/v2\/posts\/14811","targetHints":{"allow":["GET"]}}],"collection":[{"href":"https:\/\/zonaroja.com.mx\/index.php?rest_route=\/wp\/v2\/posts"}],"about":[{"href":"https:\/\/zonaroja.com.mx\/index.php?rest_route=\/wp\/v2\/types\/post"}],"author":[{"embeddable":true,"href":"https:\/\/zonaroja.com.mx\/index.php?rest_route=\/wp\/v2\/users\/2"}],"replies":[{"embeddable":true,"href":"https:\/\/zonaroja.com.mx\/index.php?rest_route=%2Fwp%2Fv2%2Fcomments&post=14811"}],"version-history":[{"count":1,"href":"https:\/\/zonaroja.com.mx\/index.php?rest_route=\/wp\/v2\/posts\/14811\/revisions"}],"predecessor-version":[{"id":14813,"href":"https:\/\/zonaroja.com.mx\/index.php?rest_route=\/wp\/v2\/posts\/14811\/revisions\/14813"}],"wp:featuredmedia":[{"embeddable":true,"href":"https:\/\/zonaroja.com.mx\/index.php?rest_route=\/wp\/v2\/media\/14812"}],"wp:attachment":[{"href":"https:\/\/zonaroja.com.mx\/index.php?rest_route=%2Fwp%2Fv2%2Fmedia&parent=14811"}],"wp:term":[{"taxonomy":"category","embeddable":true,"href":"https:\/\/zonaroja.com.mx\/index.php?rest_route=%2Fwp%2Fv2%2Fcategories&post=14811"},{"taxonomy":"post_tag","embeddable":true,"href":"https:\/\/zonaroja.com.mx\/index.php?rest_route=%2Fwp%2Fv2%2Ftags&post=14811"}],"curies":[{"name":"wp","href":"https:\/\/api.w.org\/{rel}","templated":true}]}}