{"id":14814,"date":"2020-07-09T14:35:16","date_gmt":"2020-07-09T19:35:16","guid":{"rendered":"http:\/\/www.zonaroja.com.mx\/?p=14814"},"modified":"2020-07-09T14:35:21","modified_gmt":"2020-07-09T19:35:21","slug":"seccion-22-de-snte-advierte-saturacion-en-hospitales-issste-por-covid","status":"publish","type":"post","link":"https:\/\/zonaroja.com.mx\/?p=14814","title":{"rendered":"Secci\u00f3n 22 de SNTE advierte saturaci\u00f3n en hospitales ISSSTE, por Covid"},"content":{"rendered":"\n<p>Yuridiana\nSosa\/Zona Roja.<\/p>\n\n\n\n<p>Oaxaca de\nJu\u00e1rez, Oax., 9 de julio de 2020.- La Secci\u00f3n 22 del Sindicato Nacional de\nTrabajadores de la Educaci\u00f3n (SNTE) advirti\u00f3 a sus agremiados y a la poblaci\u00f3n\nen general sobre la saturaci\u00f3n en los hospitales del Instituto de Seguridad y\nServicios Sociales de los Trabajadores del Estado (ISSSTE) de Oaxaca para\natender a pacientes Covid-19.<\/p>\n\n\n\n<p>A trav\u00e9s\nde un comunicado, la Secretar\u00eda de Previsi\u00f3n y Asistencia Social de la gremial\nanunci\u00f3 a los trabajadores de la educaci\u00f3n sobre la situaci\u00f3n que se padece la\ninstituci\u00f3n de la cual son derechohabientes, por lo que manifest\u00f3 su exhort\u00f3 a\npermanecer en casa.<\/p>\n\n\n\n<p>El\npanorama que ofrece la Secci\u00f3n 22 a sus agremiados se registra a cuatro d\u00edas\ndel supuesto inicio de una \u201cnueva normalidad\u201d en Oaxaca, con el cambio de color\ndel sem\u00e1foro epidemiol\u00f3gico en Oaxaca de rojo a naranja, marcada con el colapso\nde los servicios m\u00e9dicos hospitalarios para paciente Covid-19.<\/p>\n\n\n\n<p>Por ese\nmotivo la dirigencia, recomend\u00f3 las medidas sanitarias necesarias para\nmantenerse sanos, principalmente bajo el esquema de la sana distancia,\npermaneciendo en casa.<\/p>\n\n\n\n<p>\u201cHoy en\nd\u00eda a\u00fan nos encontramos en sem\u00e1foro rojo de la pandemia, no hay que olvidar que\npor reactivaci\u00f3n econ\u00f3mica nuestro sem\u00e1foro pas\u00f3 a color naranja por decisi\u00f3n\ngubernamental, no de los trabajadores\u201d, reiter\u00f3 esa cartera del Comit\u00e9\nEjecutivo Seccional.<\/p>\n","protected":false},"excerpt":{"rendered":"<p>Yuridiana Sosa\/Zona Roja. Oaxaca de Ju\u00e1rez, Oax., 9 de julio de 2020.- La Secci\u00f3n 22&hellip;<\/p>\n","protected":false},"author":2,"featured_media":12662,"comment_status":"closed","ping_status":"open","sticky":false,"template":"","format":"standard","meta":{"_lmt_disableupdate":"","_lmt_disable":"","_jetpack_memberships_contains_paid_content":false,"footnotes":""},"categories":[109,47],"tags":[312],"class_list":["post-14814","post","type-post","status-publish","format-standard","has-post-thumbnail","hentry","category-minuto-a-minuto","category-zona-gris","tag-seccion-22-del-snte"],"jetpack_featured_media_url":"https:\/\/zonaroja.com.mx\/wp-content\/uploads\/2020\/05\/Hospital-ISSSTE-1.png","jetpack_sharing_enabled":true,"_links":{"self":[{"href":"https:\/\/zonaroja.com.mx\/index.php?rest_route=\/wp\/v2\/posts\/14814","targetHints":{"allow":["GET"]}}],"collection":[{"href":"https:\/\/zonaroja.com.mx\/index.php?rest_route=\/wp\/v2\/posts"}],"about":[{"href":"https:\/\/zonaroja.com.mx\/index.php?rest_route=\/wp\/v2\/types\/post"}],"author":[{"embeddable":true,"href":"https:\/\/zonaroja.com.mx\/index.php?rest_route=\/wp\/v2\/users\/2"}],"replies":[{"embeddable":true,"href":"https:\/\/zonaroja.com.mx\/index.php?rest_route=%2Fwp%2Fv2%2Fcomments&post=14814"}],"version-history":[{"count":1,"href":"https:\/\/zonaroja.com.mx\/index.php?rest_route=\/wp\/v2\/posts\/14814\/revisions"}],"predecessor-version":[{"id":14815,"href":"https:\/\/zonaroja.com.mx\/index.php?rest_route=\/wp\/v2\/posts\/14814\/revisions\/14815"}],"wp:featuredmedia":[{"embeddable":true,"href":"https:\/\/zonaroja.com.mx\/index.php?rest_route=\/wp\/v2\/media\/12662"}],"wp:attachment":[{"href":"https:\/\/zonaroja.com.mx\/index.php?rest_route=%2Fwp%2Fv2%2Fmedia&parent=14814"}],"wp:term":[{"taxonomy":"category","embeddable":true,"href":"https:\/\/zonaroja.com.mx\/index.php?rest_route=%2Fwp%2Fv2%2Fcategories&post=14814"},{"taxonomy":"post_tag","embeddable":true,"href":"https:\/\/zonaroja.com.mx\/index.php?rest_route=%2Fwp%2Fv2%2Ftags&post=14814"}],"curies":[{"name":"wp","href":"https:\/\/api.w.org\/{rel}","templated":true}]}}