{"id":14816,"date":"2020-07-09T15:16:57","date_gmt":"2020-07-09T20:16:57","guid":{"rendered":"http:\/\/www.zonaroja.com.mx\/?p=14816"},"modified":"2020-07-09T15:16:59","modified_gmt":"2020-07-09T20:16:59","slug":"indagan-probable-suicidio-de-un-policia-en-reclusorio-de-miahuatlan","status":"publish","type":"post","link":"https:\/\/zonaroja.com.mx\/?p=14816","title":{"rendered":"Indagan probable suicidio de un polic\u00eda en reclusorio de Miahuatl\u00e1n"},"content":{"rendered":"\n<p>Redacci\u00f3n\/Zona\nRoja. <\/p>\n\n\n\n<p>Oaxaca de\nJu\u00e1rez, Oax., 9 de julio de 2020.- Un elemento de la Polic\u00eda Estatal\npresuntamente se quit\u00f3 la vida en el reclusorio estatal ubicado en Miahuatl\u00e1n\nde Porfirio D\u00edaz.<\/p>\n\n\n\n<p>De\nacuerdo con fuentes de la Secretar\u00eda de Seguridad P\u00fablica, aproximadamente a las\n06:15 horas de este jueves, personal del referido penal report\u00f3 el hallazgo del\ncuerpo del polic\u00eda estatal O. G. M., quien se desempe\u00f1aba como custodio y quien\nhab\u00eda iniciado su turno de vigilancia en el garit\u00f3n n\u00famero 3, a las 03:00\nhoras.<\/p>\n\n\n\n<p>Seg\u00fan el oficial\nencargado del lugar, el fallecido fue encontrado en la parte posterior de la\npenitenciar\u00eda con una herida visible a la altura de la cabeza, as\u00ed como su arma\ncorta de cargo a un costado, por lo que la autoridad ministerial investiga un\nprobable suicidio.<\/p>\n\n\n\n<p>Inform\u00f3\nque de los hechos se dio parte a la Fiscal\u00eda General del Estado de Oaxaca, la\ncual inici\u00f3 con la investigaci\u00f3n y carpeta pertinente, en la que el personal\ndel reclusorio colabora en todo momento.&nbsp;&nbsp;\n<\/p>\n\n\n\n<p>La\nSecretar\u00eda de Seguridad P\u00fablica de Oaxaca (SSPO) lament\u00f3 el fallecimiento del\nPolic\u00eda Estatal y dio a conocer que la situaci\u00f3n al interior y exterior del\npenal est\u00e1 en completo orden y en ning\u00fan momento se vio comprometida la\nseguridad del mismo.<\/p>\n","protected":false},"excerpt":{"rendered":"<p>Redacci\u00f3n\/Zona Roja. Oaxaca de Ju\u00e1rez, Oax., 9 de julio de 2020.- Un elemento de la&hellip;<\/p>\n","protected":false},"author":2,"featured_media":11334,"comment_status":"closed","ping_status":"open","sticky":false,"template":"","format":"standard","meta":{"_lmt_disableupdate":"","_lmt_disable":"","_jetpack_memberships_contains_paid_content":false,"footnotes":""},"categories":[109,47],"tags":[1818],"class_list":["post-14816","post","type-post","status-publish","format-standard","has-post-thumbnail","hentry","category-minuto-a-minuto","category-zona-gris","tag-centro-de-readaptacion-social-miahuatlan-de-porfirio-diaz"],"jetpack_featured_media_url":"https:\/\/zonaroja.com.mx\/wp-content\/uploads\/2020\/04\/Reclusorio-Miahuatl\u00e1n.jpg","jetpack_sharing_enabled":true,"_links":{"self":[{"href":"https:\/\/zonaroja.com.mx\/index.php?rest_route=\/wp\/v2\/posts\/14816","targetHints":{"allow":["GET"]}}],"collection":[{"href":"https:\/\/zonaroja.com.mx\/index.php?rest_route=\/wp\/v2\/posts"}],"about":[{"href":"https:\/\/zonaroja.com.mx\/index.php?rest_route=\/wp\/v2\/types\/post"}],"author":[{"embeddable":true,"href":"https:\/\/zonaroja.com.mx\/index.php?rest_route=\/wp\/v2\/users\/2"}],"replies":[{"embeddable":true,"href":"https:\/\/zonaroja.com.mx\/index.php?rest_route=%2Fwp%2Fv2%2Fcomments&post=14816"}],"version-history":[{"count":1,"href":"https:\/\/zonaroja.com.mx\/index.php?rest_route=\/wp\/v2\/posts\/14816\/revisions"}],"predecessor-version":[{"id":14817,"href":"https:\/\/zonaroja.com.mx\/index.php?rest_route=\/wp\/v2\/posts\/14816\/revisions\/14817"}],"wp:featuredmedia":[{"embeddable":true,"href":"https:\/\/zonaroja.com.mx\/index.php?rest_route=\/wp\/v2\/media\/11334"}],"wp:attachment":[{"href":"https:\/\/zonaroja.com.mx\/index.php?rest_route=%2Fwp%2Fv2%2Fmedia&parent=14816"}],"wp:term":[{"taxonomy":"category","embeddable":true,"href":"https:\/\/zonaroja.com.mx\/index.php?rest_route=%2Fwp%2Fv2%2Fcategories&post=14816"},{"taxonomy":"post_tag","embeddable":true,"href":"https:\/\/zonaroja.com.mx\/index.php?rest_route=%2Fwp%2Fv2%2Ftags&post=14816"}],"curies":[{"name":"wp","href":"https:\/\/api.w.org\/{rel}","templated":true}]}}