{"id":14821,"date":"2020-07-09T16:07:08","date_gmt":"2020-07-09T21:07:08","guid":{"rendered":"http:\/\/www.zonaroja.com.mx\/?p=14821"},"modified":"2020-07-09T16:07:12","modified_gmt":"2020-07-09T21:07:12","slug":"vincula-juez-a-proceso-a-quien-habria-matado-a-conchita-y-a-su-bebe","status":"publish","type":"post","link":"https:\/\/zonaroja.com.mx\/?p=14821","title":{"rendered":"Vincula juez a proceso a quien habr\u00eda matado a Conchita y a su beb\u00e9"},"content":{"rendered":"\n<p>Redacci\u00f3n\/Zona\nRoja.<\/p>\n\n\n\n<p>Oaxaca de\nJu\u00e1rez, Oax., 9 de julio de 2020.- Un juez del Poder Judicial de Oaxaca\ndetermin\u00f3 vinculaci\u00f3n a proceso a Jos\u00e9 A.R.R, por los delitos de homicidio\ncalificado&nbsp; y feminicidio agravado,\ncometido el primero en agravio del ni\u00f1o de iniciales A. A. C. y el segundo en\nagravio de la adolescente de iniciales M. C. A. C., hechos ocurridos en San\nMiguel, Ejutla, el pasado 28 de junio.<\/p>\n\n\n\n<p>En\naudiencia, el juez de Control&nbsp; del\nCircuito Judicial de Valles Centrales- Sede Ejutla, determin\u00f3 que hab\u00eda\nelementos suficientes para vincular a proceso al inculpado y se le impuso la\nmedida cautelar de prisi\u00f3n preventiva oficiosa, en el centro penitenciario\nvaronil de San Francisco Tanivet, Tlacolula, Oaxaca.<\/p>\n\n\n\n<p>\u201cComo ha\nsido premisa de la administraci\u00f3n del magistrado Eduardo Pinacho S\u00e1nchez, se\ngarantizar\u00e1 un proceso apegado a derecho y con perspectiva de g\u00e9nero que no d\u00e9\ncabida a la impunidad.<\/p>\n\n\n\n<p>\u201cEl Poder\nJudicial del Estado reitera su compromiso con la protecci\u00f3n de los derechos de\nmujeres, ni\u00f1as y ni\u00f1os\u201d, inform\u00f3 el \u00f3rgano a trav\u00e9s de un comunicado.<\/p>\n\n\n\n<p>El\ndomingo 28 de junio por la tarde, fueron hallados semicalcinados los cuerpos de\nMar\u00eda&nbsp; Concepci\u00f3n A. C., de 17 a\u00f1os de\nedad y estudiante del Cobao plantel Ejutla, y su peque\u00f1o hijo, Alexander A., de\nun a\u00f1o con diez meses.<\/p>\n\n\n\n<p>El\nviernes 3 de julio, la Fiscal\u00eda General del Estado aprehendi\u00f3 a Jos\u00e9 Alberto R.\nR., de 24 a\u00f1os de edad, en un hotel de la capital del estado, donde se\nrefugiaba; fue novio de Concepci\u00f3n, conocida en su pueblo como Conchita.<\/p>\n","protected":false},"excerpt":{"rendered":"<p>Redacci\u00f3n\/Zona Roja. Oaxaca de Ju\u00e1rez, Oax., 9 de julio de 2020.- Un juez del Poder&hellip;<\/p>\n","protected":false},"author":2,"featured_media":14626,"comment_status":"closed","ping_status":"open","sticky":false,"template":"","format":"standard","meta":{"_lmt_disableupdate":"","_lmt_disable":"","_jetpack_memberships_contains_paid_content":false,"footnotes":""},"categories":[109,51],"tags":[936],"class_list":["post-14821","post","type-post","status-publish","format-standard","has-post-thumbnail","hentry","category-minuto-a-minuto","category-zona-roja","tag-san-miguel-ejutla"],"jetpack_featured_media_url":"https:\/\/zonaroja.com.mx\/wp-content\/uploads\/2020\/07\/Justicia-para-Conchita.jpg","jetpack_sharing_enabled":true,"_links":{"self":[{"href":"https:\/\/zonaroja.com.mx\/index.php?rest_route=\/wp\/v2\/posts\/14821","targetHints":{"allow":["GET"]}}],"collection":[{"href":"https:\/\/zonaroja.com.mx\/index.php?rest_route=\/wp\/v2\/posts"}],"about":[{"href":"https:\/\/zonaroja.com.mx\/index.php?rest_route=\/wp\/v2\/types\/post"}],"author":[{"embeddable":true,"href":"https:\/\/zonaroja.com.mx\/index.php?rest_route=\/wp\/v2\/users\/2"}],"replies":[{"embeddable":true,"href":"https:\/\/zonaroja.com.mx\/index.php?rest_route=%2Fwp%2Fv2%2Fcomments&post=14821"}],"version-history":[{"count":1,"href":"https:\/\/zonaroja.com.mx\/index.php?rest_route=\/wp\/v2\/posts\/14821\/revisions"}],"predecessor-version":[{"id":14822,"href":"https:\/\/zonaroja.com.mx\/index.php?rest_route=\/wp\/v2\/posts\/14821\/revisions\/14822"}],"wp:featuredmedia":[{"embeddable":true,"href":"https:\/\/zonaroja.com.mx\/index.php?rest_route=\/wp\/v2\/media\/14626"}],"wp:attachment":[{"href":"https:\/\/zonaroja.com.mx\/index.php?rest_route=%2Fwp%2Fv2%2Fmedia&parent=14821"}],"wp:term":[{"taxonomy":"category","embeddable":true,"href":"https:\/\/zonaroja.com.mx\/index.php?rest_route=%2Fwp%2Fv2%2Fcategories&post=14821"},{"taxonomy":"post_tag","embeddable":true,"href":"https:\/\/zonaroja.com.mx\/index.php?rest_route=%2Fwp%2Fv2%2Ftags&post=14821"}],"curies":[{"name":"wp","href":"https:\/\/api.w.org\/{rel}","templated":true}]}}