{"id":14823,"date":"2020-07-09T19:19:33","date_gmt":"2020-07-10T00:19:33","guid":{"rendered":"http:\/\/www.zonaroja.com.mx\/?p=14823"},"modified":"2020-07-09T19:19:37","modified_gmt":"2020-07-10T00:19:37","slug":"oaxaquena-karen-vega-y-su-piel-morena-en-vogue-mexico","status":"publish","type":"post","link":"https:\/\/zonaroja.com.mx\/?p=14823","title":{"rendered":"Oaxaque\u00f1a Karen Vega y su piel morena en \u201cVogue\u201d M\u00e9xico"},"content":{"rendered":"\n<p>Evlin Arag\u00f3n\/Zona Roja.<\/p>\n\n\n\n<p>Oaxaca de\nJu\u00e1rez, Oax., 9 de julio de 2020.- En plena discusi\u00f3n sobre el racismo y\nclasismo en M\u00e9xico, Karen Espinosa Vega se ha convertido en la primera modelo\noaxaque\u00f1a en posar para la revista \u201cVogue\u201d M\u00e9xico y hacer evidente que a\u00fan\nfalta mucho para que las mujeres del sur se les tome en cuenta equitativamente.<\/p>\n\n\n\n<p>As\u00ed lo ha\nreferido la joven de 18 a\u00f1os de edad, en la entrevista que le realiz\u00f3 Enrique\nTorres Meixueiro, en donde manifiesta estar orgullosa de su piel oscura y\nrasgos ind\u00edgenas que hoy la hacen destacar en el mundo del modelaje, el cual\nhasta hace unos a\u00f1os estaba completamente representado por mujeres de piel\nblanca.<\/p>\n\n\n\n<p>Originaria\nde la ciudad de Oaxaca, Karen tiene la claridad de que las nuevas generaciones,\nincluida la suya, merecen tener referentes diversos y con miras a consolidar la\nigualdad entre las personas sin importar su color de piel, origen, clase social\no cualquier otra caracter\u00edstica que hoy en d\u00eda significa alg\u00fan tipo de\ndiscriminaci\u00f3n.<\/p>\n\n\n\n<p>A sabiendas que sus rasgos f\u00edsicos y color de piel han sido excluidos en las pasarelas, est\u00e1 dispuesta a ser el gran parteaguas que permita una mayor inclusi\u00f3n y representatividad de la diversidad de rostros y cuerpos en el mundo de la moda en M\u00e9xico y el mundo.<\/p>\n\n\n\n<figure class=\"wp-block-embed-twitter wp-block-embed is-type-rich is-provider-twitter\"><div class=\"wp-block-embed__wrapper\">\n<div class=\"twitter-tweet\"><blockquote class=\"twitter-tweet\" data-lang=\"es\"><p lang=\"es\" dir=\"ltr\">&quot;A\u00fan falta un poquito para que a las mujeres del sur tambi\u00e9n se les tome en cuenta equitativamente. En esa parte de M\u00e9xico es dif\u00edcil tener el tipo de belleza que buscan en los castings.&quot;<br><br>&#8211; Karen Vega, primera modelo oaxaque\u00f1a en las p\u00e1ginas de Vogue: <a href=\"https:\/\/t.co\/XhcUO4wzU4\">https:\/\/t.co\/XhcUO4wzU4<\/a> <a href=\"https:\/\/t.co\/DEi7z7L1An\">pic.twitter.com\/DEi7z7L1An<\/a><\/p>&mdash; Vogue Mex y Latam (@VogueMexico) <a href=\"https:\/\/twitter.com\/VogueMexico\/status\/1281380615229771777?ref_src=twsrc%5Etfw\">10 de julio de 2020<\/a><\/blockquote><\/div>\n<\/div><\/figure>\n\n\n\n<p>Ya en el\n2018, Karen, como muchas otras mujeres oaxaque\u00f1as, se vio representada con\nYalitza Aparicio, quien de la nada tom\u00f3 por sorpresa y conquist\u00f3 a la industria\ndel cine y de la moda, lo cual le sirvi\u00f3 para descubrir que, aunque no es\nf\u00e1cil, tampoco es imposible cumplir con su sue\u00f1o de modelar. <\/p>\n\n\n\n<p>\u201cCuando vi a Yalitza en la portada de &#8216;Vogue&#8217;, tambi\u00e9n fue una se\u00f1al y ahora s\u00e9 que yo podr\u00eda ser esa se\u00f1al para m\u00e1s chicas si sigo trabajando duro y siendo agradecida\u201d.<\/p>\n\n\n\n<p>Karen\ninicio en el mundo del modelaje a sus 14 a\u00f1os de edad, al mostrar los dise\u00f1os\nde la esposa de su abuelo que se dedica a la costura, posteriormente fue\ninvitada a un proyecto denominado \u201cRealismo m\u00e1gico\u201d a cargo del director\ncreativo y dise\u00f1ador oaxaque\u00f1o, Pompi Garc\u00eda y el fot\u00f3grafo Enrique Leyva, cuyo\nobjetivo era realzar la piel morena y nativa.<\/p>\n\n\n\n<p>Cuatro\na\u00f1os despu\u00e9s y con el impulso de la agencia de modelos \u201cTalento Espina\u201d hace\nhistoria al ser la primera modelo oaxaque\u00f1a en aparecer en la p\u00e1gina de la\nprestigiada revista. <\/p>\n\n\n\n<p>Y aunque su carrera es muy reciente tiene claro que con disciplina y siendo fiel a sus or\u00edgenes e ideales puede llegar muy lejos en el mundo de la moda.<\/p>\n\n\n\n<p>Aqu\u00ed la entrevista de \u00abVogue\u00bb:<\/p>\n\n\n\n<figure class=\"wp-block-embed\"><div class=\"wp-block-embed__wrapper\">\nhttps:\/\/www.vogue.mx\/moda\/articulo\/karen-vega-quien-es-la-modelo-oaxaquena-y-su-carrera\n<\/div><\/figure>\n","protected":false},"excerpt":{"rendered":"<p>Evlin Arag\u00f3n\/Zona Roja. Oaxaca de Ju\u00e1rez, Oax., 9 de julio de 2020.- En plena discusi\u00f3n&hellip;<\/p>\n","protected":false},"author":2,"featured_media":14824,"comment_status":"closed","ping_status":"open","sticky":false,"template":"","format":"standard","meta":{"_lmt_disableupdate":"","_lmt_disable":"","_jetpack_memberships_contains_paid_content":false,"footnotes":""},"categories":[109,46],"tags":[1819],"class_list":["post-14823","post","type-post","status-publish","format-standard","has-post-thumbnail","hentry","category-minuto-a-minuto","category-zona-blanca","tag-karen-vega"],"jetpack_featured_media_url":"https:\/\/zonaroja.com.mx\/wp-content\/uploads\/2020\/07\/Karen-Vega.jpg","jetpack_sharing_enabled":true,"_links":{"self":[{"href":"https:\/\/zonaroja.com.mx\/index.php?rest_route=\/wp\/v2\/posts\/14823","targetHints":{"allow":["GET"]}}],"collection":[{"href":"https:\/\/zonaroja.com.mx\/index.php?rest_route=\/wp\/v2\/posts"}],"about":[{"href":"https:\/\/zonaroja.com.mx\/index.php?rest_route=\/wp\/v2\/types\/post"}],"author":[{"embeddable":true,"href":"https:\/\/zonaroja.com.mx\/index.php?rest_route=\/wp\/v2\/users\/2"}],"replies":[{"embeddable":true,"href":"https:\/\/zonaroja.com.mx\/index.php?rest_route=%2Fwp%2Fv2%2Fcomments&post=14823"}],"version-history":[{"count":1,"href":"https:\/\/zonaroja.com.mx\/index.php?rest_route=\/wp\/v2\/posts\/14823\/revisions"}],"predecessor-version":[{"id":14825,"href":"https:\/\/zonaroja.com.mx\/index.php?rest_route=\/wp\/v2\/posts\/14823\/revisions\/14825"}],"wp:featuredmedia":[{"embeddable":true,"href":"https:\/\/zonaroja.com.mx\/index.php?rest_route=\/wp\/v2\/media\/14824"}],"wp:attachment":[{"href":"https:\/\/zonaroja.com.mx\/index.php?rest_route=%2Fwp%2Fv2%2Fmedia&parent=14823"}],"wp:term":[{"taxonomy":"category","embeddable":true,"href":"https:\/\/zonaroja.com.mx\/index.php?rest_route=%2Fwp%2Fv2%2Fcategories&post=14823"},{"taxonomy":"post_tag","embeddable":true,"href":"https:\/\/zonaroja.com.mx\/index.php?rest_route=%2Fwp%2Fv2%2Ftags&post=14823"}],"curies":[{"name":"wp","href":"https:\/\/api.w.org\/{rel}","templated":true}]}}