{"id":14826,"date":"2020-07-09T19:56:24","date_gmt":"2020-07-10T00:56:24","guid":{"rendered":"http:\/\/www.zonaroja.com.mx\/?p=14826"},"modified":"2020-07-09T19:56:29","modified_gmt":"2020-07-10T00:56:29","slug":"amenazan-a-familia-de-alexander-en-acatlan-pide-intervencion-de-onu","status":"publish","type":"post","link":"https:\/\/zonaroja.com.mx\/?p=14826","title":{"rendered":"Amenazan a familia de Alexander en Acatl\u00e1n; pide intervenci\u00f3n de ONU"},"content":{"rendered":"\n<p>Yuridiana\nSosa\/Zona Roja.<\/p>\n\n\n\n<p>Oaxaca de\nJu\u00e1rez, Oax., 9 de julio de 2020.- \u201cYa olvida lo que pas\u00f3 chamaco d\u00e9jate de\nmamadas andas poni\u00e9ndote en peligro a lo pendejo\u201d, fue parte de la amenaza\ncontra su integridad que recibi\u00f3 la familia de Alexander Mart\u00ednez G\u00f3mez,\nasesinado por un polic\u00eda de Acatl\u00e1n de P\u00e9rez Figueroa, en la regi\u00f3n Cuenca.<\/p>\n\n\n\n<p>Por estos\nrecientes hechos, la familia de la joven v\u00edctima, de nacionalidad M\u00e9xico-americana,\ndemand\u00f3 a la Embajada de los Estados Unidos de Am\u00e9rica y a la Oficina en M\u00e9xico\nde la Alta Comisionada para los Derechos Humanos de la ONU, su intervenci\u00f3n\npara la protecci\u00f3n de sus vidas.<\/p>\n\n\n\n<p>La madre,\npadre y hermano de Alexander \u201cChander\u201d &#8211;Do\u00f1a Virginia, Teodoro y Alexis&#8211; recibieron\nmensajes de intimidaci\u00f3n el pasado 24, 26 y 27 de junio en su domicilio\nparticular por parte de personas habitantes de su comunidad, Vicente Camalote,\nAcatl\u00e1n de P\u00e9rez.<\/p>\n\n\n\n<p>Mientras\nque este 8 de julio fueron v\u00edctimas de otro mensaje amenazador de una cuenta de\nFacebook relacionada al presidente municipal de Acatl\u00e1n, Ad\u00e1n Maciel Sosa,\nemanado del PAN.<\/p>\n\n\n\n<p>\u201cYa\nolvida lo que pas\u00f3 chamaco, d\u00e9jate de mamadas, andas poni\u00e9ndote en peligro a lo\npendejo no kiere la gente problemas pero te sigues metiendo con el patr\u00f3n no te\nbusques m\u00e1s de los problemas que ya ah\u00ed mira lo que pas\u00f3 todo se olvid\u00f3 mejor\nll\u00e9vatelo relajado asi te ira bien\u201d, cita el mensaje por inbox.<\/p>\n\n\n\n<p>La\nfamilia de Alexander, asesinado el 9 junio, refiere que estas advertencias son\nresultado de su exigencia de justicia y verdad de un acto de violencia\ncriminal, una situaci\u00f3n que se ha estancado en ese municipio fronterizo con\nVeracruz.<\/p>\n\n\n\n<p>Do\u00f1a\nVirginia, Teodoro y Alexis manifestaron que esos mensajes \u201crepresentan un\npeligro real e inminente para nuestra integridad y vida, la de nuestra familia\ny testigos de la ejecuci\u00f3n de nuestro amado hijo\u201d.<\/p>\n\n\n\n<p>Pero,\nadem\u00e1s, denunciaron que otros familiares y amigos tambi\u00e9n recibieron mensajes\nsimilares desde la misma cuenta que posteriormente fue borrada.<\/p>\n\n\n\n<p>Exigieron\nlas autoridades de seguridad, justicia y de derechos humanos del gobierno\nfederal y estatal su inmediata intervenci\u00f3n para determinar el estado de\nvulnerabilidad emitir establezcan las medidas de protecci\u00f3n efectivas y\neficaces.<\/p>\n\n\n\n<p>De la\nmisma forma, se dirigieron a la Oficina en M\u00e9xico de la Alta Comisionada de la\nNaciones Unidas para los Derechos Humanos (ONU), a la Embajada de los Estados\nUnidos de Am\u00e9rica en M\u00e9xico y hasta a la dirigencia Nacional y Estatal Oaxaca\ndel Partido Acci\u00f3n Nacional (PAN) atienda el caso de su militante.<\/p>\n\n\n\n<p>Los\npadres de \u201cChander\u201d solicitaron una reuni\u00f3n con el gobernador Alejandro Murat y\nel fiscal Rub\u00e9n Vasconcelos M\u00e9ndez para que aborden el tema y se aplique\njusticia para su hijo.<\/p>\n","protected":false},"excerpt":{"rendered":"<p>Yuridiana Sosa\/Zona Roja. Oaxaca de Ju\u00e1rez, Oax., 9 de julio de 2020.- \u201cYa olvida lo&hellip;<\/p>\n","protected":false},"author":2,"featured_media":13550,"comment_status":"closed","ping_status":"open","sticky":false,"template":"","format":"standard","meta":{"_lmt_disableupdate":"","_lmt_disable":"","_jetpack_memberships_contains_paid_content":false,"footnotes":""},"categories":[109,47],"tags":[187],"class_list":["post-14826","post","type-post","status-publish","format-standard","has-post-thumbnail","hentry","category-minuto-a-minuto","category-zona-gris","tag-acatlan-de-perez-figueroa"],"jetpack_featured_media_url":"https:\/\/zonaroja.com.mx\/wp-content\/uploads\/2020\/06\/Alexander-G-1.jpg","jetpack_sharing_enabled":true,"_links":{"self":[{"href":"https:\/\/zonaroja.com.mx\/index.php?rest_route=\/wp\/v2\/posts\/14826","targetHints":{"allow":["GET"]}}],"collection":[{"href":"https:\/\/zonaroja.com.mx\/index.php?rest_route=\/wp\/v2\/posts"}],"about":[{"href":"https:\/\/zonaroja.com.mx\/index.php?rest_route=\/wp\/v2\/types\/post"}],"author":[{"embeddable":true,"href":"https:\/\/zonaroja.com.mx\/index.php?rest_route=\/wp\/v2\/users\/2"}],"replies":[{"embeddable":true,"href":"https:\/\/zonaroja.com.mx\/index.php?rest_route=%2Fwp%2Fv2%2Fcomments&post=14826"}],"version-history":[{"count":1,"href":"https:\/\/zonaroja.com.mx\/index.php?rest_route=\/wp\/v2\/posts\/14826\/revisions"}],"predecessor-version":[{"id":14827,"href":"https:\/\/zonaroja.com.mx\/index.php?rest_route=\/wp\/v2\/posts\/14826\/revisions\/14827"}],"wp:featuredmedia":[{"embeddable":true,"href":"https:\/\/zonaroja.com.mx\/index.php?rest_route=\/wp\/v2\/media\/13550"}],"wp:attachment":[{"href":"https:\/\/zonaroja.com.mx\/index.php?rest_route=%2Fwp%2Fv2%2Fmedia&parent=14826"}],"wp:term":[{"taxonomy":"category","embeddable":true,"href":"https:\/\/zonaroja.com.mx\/index.php?rest_route=%2Fwp%2Fv2%2Fcategories&post=14826"},{"taxonomy":"post_tag","embeddable":true,"href":"https:\/\/zonaroja.com.mx\/index.php?rest_route=%2Fwp%2Fv2%2Ftags&post=14826"}],"curies":[{"name":"wp","href":"https:\/\/api.w.org\/{rel}","templated":true}]}}