{"id":14829,"date":"2020-07-09T20:45:51","date_gmt":"2020-07-10T01:45:51","guid":{"rendered":"http:\/\/www.zonaroja.com.mx\/?p=14829"},"modified":"2020-07-09T20:47:29","modified_gmt":"2020-07-10T01:47:29","slug":"ahora-comerciantes-de-la-central-de-abasto-victimas-de-inseguridad","status":"publish","type":"post","link":"https:\/\/zonaroja.com.mx\/?p=14829","title":{"rendered":"Ahora afectados en la Central de Abasto, v\u00edctimas de inseguridad"},"content":{"rendered":"\n<p>Yuridiana\nSosa\/Zona Roja.<\/p>\n\n\n\n<p>Oaxaca de\nJu\u00e1rez, Oax., 9 de julio de 2020.- A poco m\u00e1s de un mes del incendio que arras\u00f3\ncon un centenar de locales en la Central de Abasto de la capital oaxaque\u00f1a, los\ncomerciantes denunciaron la comisi\u00f3n de al menos seis robos en una semana\ndurante su intento de reactivar sus labores.<\/p>\n\n\n\n<p>Un grupo\nde locatarios de distintos giros comerciales se\u00f1al\u00f3 que a pesar de esta doble\ndesgracia, el gobierno municipal de Oaxaca de Ju\u00e1rez es omiso en garantizar su\nderecho a la seguridad p\u00fablica permanente en la zona y la Fiscal\u00eda General de\nOaxaca en aplicar justicia.<\/p>\n\n\n\n<p>Los denunciantes precisaron que desde hace dos semanas reabrieron sus establecimientos al no soportar crisis econ\u00f3mica que la pandemia y el incendio del 27 de mayo han marcado a las familias del mercado.<\/p>\n\n\n\n<figure class=\"wp-block-embed-twitter wp-block-embed is-type-rich is-provider-twitter\"><div class=\"wp-block-embed__wrapper\">\n<div class=\"twitter-tweet\"><blockquote class=\"twitter-tweet\" data-lang=\"es\"><p lang=\"es\" dir=\"ltr\"><a href=\"https:\/\/twitter.com\/hashtag\/OaxacaGris?src=hash&amp;ref_src=twsrc%5Etfw\">#OaxacaGris<\/a><br>A casi mes y medio del incendio de locales, sigue la inconformidad de comerciantes del Mercado de Abasto afectados, debido a la lentitud de los trabajos y a la incertidumbre en los apoyos por parte del <a href=\"https:\/\/twitter.com\/GobOax?ref_src=twsrc%5Etfw\">@GobOax<\/a> y del <a href=\"https:\/\/twitter.com\/MunicipioOaxaca?ref_src=twsrc%5Etfw\">@MunicipioOaxaca<\/a>. <a href=\"https:\/\/t.co\/GW18KPkv86\">pic.twitter.com\/GW18KPkv86<\/a><\/p>&mdash; Zona Roja Oaxaca (@MexRoja) <a href=\"https:\/\/twitter.com\/MexRoja\/status\/1281293644624871424?ref_src=twsrc%5Etfw\">9 de julio de 2020<\/a><\/blockquote><\/div>\n<\/div><\/figure>\n\n\n\n<p>Sin\nembargo, durante la primera semana se registraron cerca de seis saqueos a los\nlocales del \u00e1rea de sombrero, principalmente, pero que afecta el resto de las\n\u00e1reas y a los clientes que asisten a la central.<\/p>\n\n\n\n<p>Las\nautoridades municipales argumentan que no hay elementos policiales disponibles,\npues varios de ellos se encuentran enfermos de Covid-19, por lo que tuvieron\nque contratar por su cuenta los servicios de seguridad privada para mermar las\np\u00e9rdidas.<\/p>\n\n\n\n<p>\u201cEn la\nFiscal\u00eda no hay avances en las denuncias. Somos un sector vulnerable y no nos\nprestan atenci\u00f3n, hay ladrones y drogadicto. Saben del problema que existe y no\natienden\u201d, manifest\u00f3 uno de los afectados.<\/p>\n\n\n\n<p>Esta\nsituaci\u00f3n va en perjuicio de las familias que viven de su actividad comercial\nen el mercado \u201cMargarita Maza\u201d en la Central de Abasto, donde a\u00fan se realizan\ntrabajos de desescombro por las afectaciones del incendio.<\/p>\n","protected":false},"excerpt":{"rendered":"<p>Yuridiana Sosa\/Zona Roja. Oaxaca de Ju\u00e1rez, Oax., 9 de julio de 2020.- A poco m\u00e1s&hellip;<\/p>\n","protected":false},"author":2,"featured_media":14830,"comment_status":"closed","ping_status":"open","sticky":false,"template":"","format":"standard","meta":{"_lmt_disableupdate":"","_lmt_disable":"","_jetpack_memberships_contains_paid_content":false,"footnotes":""},"categories":[109,47],"tags":[1168],"class_list":["post-14829","post","type-post","status-publish","format-standard","has-post-thumbnail","hentry","category-minuto-a-minuto","category-zona-gris","tag-central-de-abasto-ciudad-de-oaxaca"],"jetpack_featured_media_url":"https:\/\/zonaroja.com.mx\/wp-content\/uploads\/2020\/07\/Central-de-Abasto-incendio.jpg","jetpack_sharing_enabled":true,"_links":{"self":[{"href":"https:\/\/zonaroja.com.mx\/index.php?rest_route=\/wp\/v2\/posts\/14829","targetHints":{"allow":["GET"]}}],"collection":[{"href":"https:\/\/zonaroja.com.mx\/index.php?rest_route=\/wp\/v2\/posts"}],"about":[{"href":"https:\/\/zonaroja.com.mx\/index.php?rest_route=\/wp\/v2\/types\/post"}],"author":[{"embeddable":true,"href":"https:\/\/zonaroja.com.mx\/index.php?rest_route=\/wp\/v2\/users\/2"}],"replies":[{"embeddable":true,"href":"https:\/\/zonaroja.com.mx\/index.php?rest_route=%2Fwp%2Fv2%2Fcomments&post=14829"}],"version-history":[{"count":3,"href":"https:\/\/zonaroja.com.mx\/index.php?rest_route=\/wp\/v2\/posts\/14829\/revisions"}],"predecessor-version":[{"id":14833,"href":"https:\/\/zonaroja.com.mx\/index.php?rest_route=\/wp\/v2\/posts\/14829\/revisions\/14833"}],"wp:featuredmedia":[{"embeddable":true,"href":"https:\/\/zonaroja.com.mx\/index.php?rest_route=\/wp\/v2\/media\/14830"}],"wp:attachment":[{"href":"https:\/\/zonaroja.com.mx\/index.php?rest_route=%2Fwp%2Fv2%2Fmedia&parent=14829"}],"wp:term":[{"taxonomy":"category","embeddable":true,"href":"https:\/\/zonaroja.com.mx\/index.php?rest_route=%2Fwp%2Fv2%2Fcategories&post=14829"},{"taxonomy":"post_tag","embeddable":true,"href":"https:\/\/zonaroja.com.mx\/index.php?rest_route=%2Fwp%2Fv2%2Ftags&post=14829"}],"curies":[{"name":"wp","href":"https:\/\/api.w.org\/{rel}","templated":true}]}}