{"id":14856,"date":"2020-07-10T11:00:42","date_gmt":"2020-07-10T16:00:42","guid":{"rendered":"http:\/\/www.zonaroja.com.mx\/?p=14856"},"modified":"2020-07-10T11:00:45","modified_gmt":"2020-07-10T16:00:45","slug":"propone-diputada-evitar-asambleas-o-tomar-medidas-de-prevencion-ante-covid-19","status":"publish","type":"post","link":"https:\/\/zonaroja.com.mx\/?p=14856","title":{"rendered":"Propone diputada evitar asambleas o tomar medidas de prevenci\u00f3n ante Covid-19"},"content":{"rendered":"\n<p>Redacci\u00f3n\/Zona\nRoja.<\/p>\n\n\n\n<p>Oaxaca de\nJu\u00e1rez, Oax., 10 de julio de 2020.- Para que las comunidades puedan llevar a\ncabo sus reuniones o asambleas generales o de car\u00e1cter agrario de forma segura,\nla diputada local Magaly L\u00f3pez, propuso que el Gobierno del Estado, en un marco\nde respeto a la autonom\u00eda y a la libre determinaci\u00f3n de los pueblos y\ncomunidades ind\u00edgenas y afromexicana, brinde orientaci\u00f3n sobre las medidas de\nprevenci\u00f3n que pueden ser adoptadas por las comunidades ind\u00edgenas y\nafromexicanas, para evitar contagios en sus asambleas comunitarias.<\/p>\n\n\n\n<p>En este\nexhorto se considera necesario que, en coordinaci\u00f3n con las comunidades y\nrespetando su cosmovisi\u00f3n, se cree un protocolo o gu\u00eda m\u00ednima en la que se\nprevean medidas y recomendaciones; tambi\u00e9n se les deber\u00e1 capacitar sobre el\nmanejo adecuado y destino final de los residuos s\u00f3lidos que se originen en los\nespacios en los que se lleven a cabo sus reuniones, expuso.<\/p>\n\n\n\n<p>La\nlegisladora manifest\u00f3 que tomando en cuenta las din\u00e1micas comunitarias y los\nespacios f\u00edsicos en los que por lo regular se realizan estas asambleas, es\nnecesario que el Gobierno del Estado a trav\u00e9s de la Coordinaci\u00f3n Estatal de\nProtecci\u00f3n Civil, se brinde capacitaci\u00f3n a las comunidades ind\u00edgenas y\nafromexicana, para que se prevean medidas de protecci\u00f3n civil, en el caso de\nque durante la realizaci\u00f3n de sus asambleas ocurra alg\u00fan fen\u00f3meno natural, como\npueden ser los temblores y terremotos.<\/p>\n\n\n\n<p>\u201cEs\nindispensable que el Gobierno del Estado, proporcione a las comunidades\nind\u00edgenas o afromexicana, previo a la realizaci\u00f3n de las asambleas comunitarias\ny\/o generales o de car\u00e1cter agrario, material m\u00e9dico suficiente y\ndesinfectantes, como lo pueden ser gel antibacterial, term\u00f3metros, soluci\u00f3n\nsatinizante, cubrebocas etc.\u201d, reiter\u00f3 la legisladora.<\/p>\n\n\n\n<p>Por estas\nrazones se propone que la 64 Legislatura del Congreso del Estado Libre y\nSoberano de Oaxaca, exhorte en un marco de respeto al derecho de libre\ndeterminaci\u00f3n y autonom\u00eda a las comunidades que se rigen a trav\u00e9s de sus\nsistemas normativos, para que eviten llevar a cabo reuniones, asambleas\ngenerales, comunitarias o agrarias y en caso de ser necesarias, se adopten\ntodas las medidas de sana distancia y cuidados a la salud.<\/p>\n\n\n\n<p>La\npropuesta fue turnada a las Comisiones permanentes unidas de Asuntos Ind\u00edgenas\ny Afromexicano; y de Salud para su an\u00e1lisis y posterior dictamen.<\/p>\n","protected":false},"excerpt":{"rendered":"<p>Redacci\u00f3n\/Zona Roja. Oaxaca de Ju\u00e1rez, Oax., 10 de julio de 2020.- Para que las comunidades&hellip;<\/p>\n","protected":false},"author":2,"featured_media":14857,"comment_status":"closed","ping_status":"open","sticky":false,"template":"","format":"standard","meta":{"_lmt_disableupdate":"","_lmt_disable":"","_jetpack_memberships_contains_paid_content":false,"footnotes":""},"categories":[109,46],"tags":[192],"class_list":["post-14856","post","type-post","status-publish","format-standard","has-post-thumbnail","hentry","category-minuto-a-minuto","category-zona-blanca","tag-diputada-magaly-lopez-dominguez"],"jetpack_featured_media_url":"https:\/\/zonaroja.com.mx\/wp-content\/uploads\/2020\/07\/Magaly-L\u00f3pez-1.jpeg","jetpack_sharing_enabled":true,"_links":{"self":[{"href":"https:\/\/zonaroja.com.mx\/index.php?rest_route=\/wp\/v2\/posts\/14856","targetHints":{"allow":["GET"]}}],"collection":[{"href":"https:\/\/zonaroja.com.mx\/index.php?rest_route=\/wp\/v2\/posts"}],"about":[{"href":"https:\/\/zonaroja.com.mx\/index.php?rest_route=\/wp\/v2\/types\/post"}],"author":[{"embeddable":true,"href":"https:\/\/zonaroja.com.mx\/index.php?rest_route=\/wp\/v2\/users\/2"}],"replies":[{"embeddable":true,"href":"https:\/\/zonaroja.com.mx\/index.php?rest_route=%2Fwp%2Fv2%2Fcomments&post=14856"}],"version-history":[{"count":1,"href":"https:\/\/zonaroja.com.mx\/index.php?rest_route=\/wp\/v2\/posts\/14856\/revisions"}],"predecessor-version":[{"id":14858,"href":"https:\/\/zonaroja.com.mx\/index.php?rest_route=\/wp\/v2\/posts\/14856\/revisions\/14858"}],"wp:featuredmedia":[{"embeddable":true,"href":"https:\/\/zonaroja.com.mx\/index.php?rest_route=\/wp\/v2\/media\/14857"}],"wp:attachment":[{"href":"https:\/\/zonaroja.com.mx\/index.php?rest_route=%2Fwp%2Fv2%2Fmedia&parent=14856"}],"wp:term":[{"taxonomy":"category","embeddable":true,"href":"https:\/\/zonaroja.com.mx\/index.php?rest_route=%2Fwp%2Fv2%2Fcategories&post=14856"},{"taxonomy":"post_tag","embeddable":true,"href":"https:\/\/zonaroja.com.mx\/index.php?rest_route=%2Fwp%2Fv2%2Ftags&post=14856"}],"curies":[{"name":"wp","href":"https:\/\/api.w.org\/{rel}","templated":true}]}}