{"id":14862,"date":"2020-07-10T14:55:52","date_gmt":"2020-07-10T19:55:52","guid":{"rendered":"http:\/\/www.zonaroja.com.mx\/?p=14862"},"modified":"2020-07-10T14:55:56","modified_gmt":"2020-07-10T19:55:56","slug":"apoya-suiza-rescate-de-patrimonio-prehispanico-de-santiago-tillo","status":"publish","type":"post","link":"https:\/\/zonaroja.com.mx\/?p=14862","title":{"rendered":"Apoya Suiza rescate de patrimonio prehisp\u00e1nico de Santiago Tillo"},"content":{"rendered":"\n<p>Evlin\nArag\u00f3n\/<\/p>\n\n\n\n<p>Oaxaca de\nJu\u00e1rez, Oax., 10 de julio de 2020.- Autoridades del Instituto Nacional de\nAntropolog\u00eda e Historia (INAH) y la embajada de Suiza en M\u00e9xico presentaron los\ntrabajos de restauraci\u00f3n realizados en el sitio arqueol\u00f3gico de Santiago Tillo,\nmunicipio perteneciente a la regi\u00f3n Mixteca, en donde destaca una tumba\nfuneraria localizada tras los sismos registrados en septiembre del 2017.<\/p>\n\n\n\n<p>As\u00ed lo\nexplic\u00f3 la titular de la Coordinaci\u00f3n Nacional de Conservaci\u00f3n del Patrimonio\ndel INAH, Mar\u00eda del Carmen Castro Barrera, quien detall\u00f3 que, tras el fuerte\nmovimiento tel\u00farico registrado en la entidad, el techo de la construcci\u00f3n\ncolaps\u00f3 y se hizo visible para los pobladores del lugar que dieron aviso a las autoridades.<\/p>\n\n\n\n<p>A partir\nde ese momento, buscaron los financiamientos para intervenir en la zona,\nobteniendo el respaldo de la embajada de Suiza en M\u00e9xico, situaci\u00f3n que\npermiti\u00f3 que de mayo del 2019 y hasta marzo del 2020 se realizar\u00e1n los trabajos\nen \u201cLoma Tendoma\u201d, a un kil\u00f3metro del poblado de Santiago Tillo.<\/p>\n\n\n\n<p>La Tumba\n1 de \u201cLoma Tendoma\u201d pertenece a la cultura Mixteca y fue construida en el\nperiodo cl\u00e1sico entre 300 a 900 d.C., es decir tiene m\u00e1s de mil a\u00f1os; est\u00e1\nformada por dos c\u00e1maras de forma rectangular unidas por un pasillo central,\ntodo en un espacio muy peque\u00f1o de 2.5 x 2.0 metros.<\/p>\n\n\n\n<p>Cuenta\ncon ocho magn\u00edficos glifos grabados en estilo zapoteca recubiertos por pigmento\nrojo, otras 28 figuras pintadas en los muros que provienen del calendario ritual\nprehisp\u00e1nico que representan nombres de personas y se componen de un signo\ncom\u00fan: venado, lagarto, conejo o casa, m\u00e1s un numeral, de los cuales a\u00fan se\ntrabaja en la interpretaci\u00f3n.<\/p>\n\n\n\n<p>Las\nacciones realizadas en la zona constan del salvamento arqueol\u00f3gico, la\nestabilizaci\u00f3n estructural y protecci\u00f3n de la tumba, la conservaci\u00f3n de la\nmisma, las acciones comunitarias y el desarrollo de acciones museogr\u00e1fica que\npermanecen y la difusi\u00f3n no s\u00f3lo del hallazgo sino de las implicaciones\nhist\u00f3ricas que trae consigo el hallazgo.<\/p>\n\n\n\n<p>Los\ntrabajos fueron encabezados por M\u00f3nica Varga Ramos, Teresita L\u00f3pez Ortega,\nDulce Mar\u00eda Grimaldi, Franco Mendoza Mart\u00ednez y Mar\u00eda Cristina Ruiz Mart\u00edn,\npersonal especializado y comprometido en la preservaci\u00f3n y conservaci\u00f3n del\npatrimonio cultural.<\/p>\n\n\n\n<p>Al\nrespecto, \u00c1ngel Seraf\u00edn Santiago, presidente municipal de Santiago Tillo, y\nAntonio Fernando Cerna, representante del Comisariado de Bienes Comunales,\nagradecieron al INAH y la Embajada de Suiza el inter\u00e9s para explorar a\u00fan m\u00e1s en\nlos or\u00edgenes de los pueblos ind\u00edgenas, preservar y conservas los vestigios en\nun museo de sitio que permita a su vez consolidar a la localidad como un\ndestino tur\u00edstico.<\/p>\n\n\n\n<p>Detallaron\nque en la poblaci\u00f3n existen seis sitios arqueol\u00f3gico pendientes por explorar,\nuno de ellos \u201dLomatillo\u201d o \u201cEl cerro\u201d considerado como el m\u00e1s importante, por\nlo que pidieron a la embajada suiza continuar con el apoyo econ\u00f3mico ya que\ndurante a\u00f1os han insistido ante el INAH sin resultados favorecedores.<\/p>\n\n\n\n<p>Por su\nparte, el embajador de Suiza en M\u00e9xico y Belice, Eric Mayoraz, detall\u00f3 que el\nproyecto no s\u00f3lo permite la conservaci\u00f3n del patrimonio prehisp\u00e1nico, sino\ntambi\u00e9n la divulgaci\u00f3n de la cultura mexicana, particularmente de las culturas\noriginarias en Oaxaca.<\/p>\n\n\n\n<p>Finalmente,\nprecis\u00f3 que desde el 2017, M\u00e9xico y Suiza firmaron un acuerdo sobre la\nprotecci\u00f3n de bienes culturales por lo que anualmente el Ministerio Suizo\nfinancia diversos proyectos, siendo el de la entidad oaxaque\u00f1a el primero en\nconsolidarse como colaboraci\u00f3n entre ambos pa\u00edses.<\/p>\n\n\n\n<p>Aqu\u00ed la liga del video:<\/p>\n\n\n\n<figure class=\"wp-block-embed-youtube wp-block-embed is-type-video is-provider-youtube wp-embed-aspect-16-9 wp-has-aspect-ratio\"><div class=\"wp-block-embed__wrapper\">\n<iframe title=\"Conservaci\u00f3n de la Tumba Loma Tendoma, Santiago Tillo, Oaxaca. Cap\u00edtulo 1\" width=\"1170\" height=\"658\" src=\"https:\/\/www.youtube.com\/embed\/nFCD7BxobA4?feature=oembed\" frameborder=\"0\" allow=\"accelerometer; autoplay; encrypted-media; gyroscope; picture-in-picture\" allowfullscreen><\/iframe>\n<\/div><\/figure>\n","protected":false},"excerpt":{"rendered":"<p>Evlin Arag\u00f3n\/ Oaxaca de Ju\u00e1rez, Oax., 10 de julio de 2020.- Autoridades del Instituto Nacional&hellip;<\/p>\n","protected":false},"author":2,"featured_media":14863,"comment_status":"closed","ping_status":"open","sticky":false,"template":"","format":"standard","meta":{"_lmt_disableupdate":"","_lmt_disable":"","_jetpack_memberships_contains_paid_content":false,"footnotes":""},"categories":[109,46],"tags":[1820],"class_list":["post-14862","post","type-post","status-publish","format-standard","has-post-thumbnail","hentry","category-minuto-a-minuto","category-zona-blanca","tag-santiago-tillo"],"jetpack_featured_media_url":"https:\/\/zonaroja.com.mx\/wp-content\/uploads\/2020\/07\/Santiago-Tillo.jpg","jetpack_sharing_enabled":true,"_links":{"self":[{"href":"https:\/\/zonaroja.com.mx\/index.php?rest_route=\/wp\/v2\/posts\/14862","targetHints":{"allow":["GET"]}}],"collection":[{"href":"https:\/\/zonaroja.com.mx\/index.php?rest_route=\/wp\/v2\/posts"}],"about":[{"href":"https:\/\/zonaroja.com.mx\/index.php?rest_route=\/wp\/v2\/types\/post"}],"author":[{"embeddable":true,"href":"https:\/\/zonaroja.com.mx\/index.php?rest_route=\/wp\/v2\/users\/2"}],"replies":[{"embeddable":true,"href":"https:\/\/zonaroja.com.mx\/index.php?rest_route=%2Fwp%2Fv2%2Fcomments&post=14862"}],"version-history":[{"count":1,"href":"https:\/\/zonaroja.com.mx\/index.php?rest_route=\/wp\/v2\/posts\/14862\/revisions"}],"predecessor-version":[{"id":14864,"href":"https:\/\/zonaroja.com.mx\/index.php?rest_route=\/wp\/v2\/posts\/14862\/revisions\/14864"}],"wp:featuredmedia":[{"embeddable":true,"href":"https:\/\/zonaroja.com.mx\/index.php?rest_route=\/wp\/v2\/media\/14863"}],"wp:attachment":[{"href":"https:\/\/zonaroja.com.mx\/index.php?rest_route=%2Fwp%2Fv2%2Fmedia&parent=14862"}],"wp:term":[{"taxonomy":"category","embeddable":true,"href":"https:\/\/zonaroja.com.mx\/index.php?rest_route=%2Fwp%2Fv2%2Fcategories&post=14862"},{"taxonomy":"post_tag","embeddable":true,"href":"https:\/\/zonaroja.com.mx\/index.php?rest_route=%2Fwp%2Fv2%2Ftags&post=14862"}],"curies":[{"name":"wp","href":"https:\/\/api.w.org\/{rel}","templated":true}]}}