{"id":14868,"date":"2020-07-10T20:13:06","date_gmt":"2020-07-11T01:13:06","guid":{"rendered":"http:\/\/www.zonaroja.com.mx\/?p=14868"},"modified":"2020-07-10T20:13:09","modified_gmt":"2020-07-11T01:13:09","slug":"por-miedo-al-covid-19-ciudadanos-logran-clausura-de-tres-establecimientos","status":"publish","type":"post","link":"https:\/\/zonaroja.com.mx\/?p=14868","title":{"rendered":"Por miedo al Covid-19, ciudadanos logran clausura de tres establecimientos"},"content":{"rendered":"\n<p>Evlin\nArag\u00f3n\/Zona Roja.<\/p>\n\n\n\n<p>Oaxaca de\nJu\u00e1rez, Oax., 10 de julio de 2020.- Con un sem\u00e1foro en naranja que implica el\nt\u00e9rmino del confinamiento obligatorio y el regreso paulatino a las actividades\ncomerciales en Oaxaca, la poblaci\u00f3n mantiene la zozobra ante la pandemia\nvigente a\u00fan en la mayor parte del territorio mexicano.<\/p>\n\n\n\n<p>El miedo\na la propagaci\u00f3n del virus y a los contagios ha provocado inconformidades\nciudadanas, que han logrado en tres ocasiones la clausura de establecimientos\ndonde se creman v\u00edctimas del Covid-19 o se realizan muestras a pacientes,<\/p>\n\n\n\n<p>Ese fue\nel caso la ma\u00f1ana de este viernes en que habitantes de la colonia Linda Vista de\nla capital se apoderaran de autobuses urbanos para realizar un bloqueo\ncarretero, a la altura del monumento a la Madre de la capital oaxaque\u00f1a, a fin\nde exigir el cierre del Laboratorio \u201cSan Francisco\u201d, ubicado en la zona.<\/p>\n\n\n\n<p>Lo\nanterior debido a que se trata de un establecimiento que realiza las pruebas de\nCovid-19 situaci\u00f3n que manten\u00eda inquieta a la poblaci\u00f3n, raz\u00f3n por la iniciaron\nla protesta esta ma\u00f1ana que dur\u00f3 algunas horas ante la falta de atenci\u00f3n\ninmediata por parte de las autoridades municipales y estatales.&nbsp; <\/p>\n\n\n\n<p>Sin embargo, antes del mediod\u00eda la autoridad, a trav\u00e9s de la Subdirecci\u00f3n de Regulaci\u00f3n de la Actividad Empresarial de municipio de Oaxaca de Ju\u00e1rez, coloc\u00f3 los sellos de clausura en el establecimiento, situaci\u00f3n que dio fin a la protesta que inicio desde muy temprana hora.<\/p>\n\n\n\n<figure class=\"wp-block-embed-twitter wp-block-embed is-type-rich is-provider-twitter\"><div class=\"wp-block-embed__wrapper\">\n<div class=\"twitter-tweet\"><blockquote class=\"twitter-tweet\" data-lang=\"es\"><p lang=\"es\" dir=\"ltr\"><a href=\"https:\/\/twitter.com\/hashtag\/%C3%9AltimoMinuto?src=hash&amp;ref_src=twsrc%5Etfw\">#\u00daltimoMinuto<\/a> <br>Finalmente, tras la mediaci\u00f3n de la <a href=\"https:\/\/twitter.com\/SEGEGO_GobOax?ref_src=twsrc%5Etfw\">@SEGEGO_GobOax<\/a> y luego de la clausura del local de Laboratorios \u201cSan Francisco\u201d, habitantes de la colonia Linda Vista de la capital de Oaxaca retiraron el bloque carretero que manten\u00edan en inmediaciones del monumento a la Madre. <a href=\"https:\/\/t.co\/sSAiq64zoL\">pic.twitter.com\/sSAiq64zoL<\/a><\/p>&mdash; Zona Roja Oaxaca (@MexRoja) <a href=\"https:\/\/twitter.com\/MexRoja\/status\/1281630804028907520?ref_src=twsrc%5Etfw\">10 de julio de 2020<\/a><\/blockquote><\/div>\n<\/div><\/figure>\n\n\n\n<p>TAMBI\u00c9N\nEN SAN SEBASTI\u00c1N<\/p>\n\n\n\n<p>No se\ntrata del \u00fanico caso en donde el temor al contagio ha ocasionado el cierre de\nempresas; a inicios del mes de mayo, el d\u00eda 5, la autoridad municipal de San\nPablo, Etla, clausur\u00f3 del crematorio \u201cAgencia Funeraria Memorial\u201d,\npresuntamente clandestina, que funcionaba en la agencia de San Sebasti\u00e1n.<\/p>\n\n\n\n<p>Previamente\nlas y los vecinos del paraje \u201cLa Borcelana\u201d, se manifestaron temerosos de ser\ncontagiados de Covid-19, por lo que encabezaron cinco bloqueos en los accesos a\nla comunidad, protesta que termin\u00f3 en la clausura del establecimiento por parte\nde la autoridad municipal que argument\u00f3 la falta de permisos para ese tipo de\nnegocio, pues la propiedad se adquiri\u00f3 para la construcci\u00f3n de una\ncasa-habitaci\u00f3n.<\/p>\n\n\n\n<p>IGUAL EN\nTLALIXTAC<\/p>\n\n\n\n<p>Mientras\nque el 29 del mismo mes y tras las denuncias de habitantes de San Sebasti\u00e1n\nTutla, Oaxaca, el ayuntamiento de Tlalixtac de Cabrera clausur\u00f3 de manera\ntemporal otro crematorio perteneciente al Grupo Nasar de Antequera S. A. de C.\nV., toda vez que el permiso que ten\u00eda venci\u00f3 a finales del a\u00f1o pasado.<\/p>\n\n\n\n<p>D\u00edas\nantes vecinos de la zona denunciaron que al interior del establecimiento se\ndisolv\u00edan cuerpos de personas que murieron a causa del Covid-19, situaci\u00f3n que\ncaus\u00f3 alarma entre la poblaci\u00f3n que exigi\u00f3 el cierre del lugar ante la\nafectaci\u00f3n por el humo y probable contaminaci\u00f3n que proven\u00eda de dicho sitio.<\/p>\n\n\n\n<p>De ah\u00ed\nque el ayuntamiento de Tlalixtac colocara los sellos de clausura temporal del\nestablecimiento.<\/p>\n\n\n\n<p>Apenas este\nviernes, y como parte del informe diario que realizan las autoridades de los\nServicios de Salud, se dio a conocer que Oaxaca registr\u00f3 un total 210 nuevos\ncasos y 14 fallecimientos; ayer fueron 304 nuevos casos y 18 defunciones, lo\nque ha prendido la alerta en la poblaci\u00f3n ya que podr\u00eda transitarse de nueva\ncuenta al sem\u00e1foro rojo.<\/p>\n","protected":false},"excerpt":{"rendered":"<p>Evlin Arag\u00f3n\/Zona Roja. Oaxaca de Ju\u00e1rez, Oax., 10 de julio de 2020.- Con un sem\u00e1foro&hellip;<\/p>\n","protected":false},"author":2,"featured_media":14869,"comment_status":"closed","ping_status":"open","sticky":false,"template":"","format":"standard","meta":{"_lmt_disableupdate":"","_lmt_disable":"","_jetpack_memberships_contains_paid_content":false,"footnotes":""},"categories":[109,47],"tags":[1512],"class_list":["post-14868","post","type-post","status-publish","format-standard","has-post-thumbnail","hentry","category-minuto-a-minuto","category-zona-gris","tag-coronavirus-oaxaca"],"jetpack_featured_media_url":"https:\/\/zonaroja.com.mx\/wp-content\/uploads\/2020\/07\/Clausuras-Covid.jpg","jetpack_sharing_enabled":true,"_links":{"self":[{"href":"https:\/\/zonaroja.com.mx\/index.php?rest_route=\/wp\/v2\/posts\/14868","targetHints":{"allow":["GET"]}}],"collection":[{"href":"https:\/\/zonaroja.com.mx\/index.php?rest_route=\/wp\/v2\/posts"}],"about":[{"href":"https:\/\/zonaroja.com.mx\/index.php?rest_route=\/wp\/v2\/types\/post"}],"author":[{"embeddable":true,"href":"https:\/\/zonaroja.com.mx\/index.php?rest_route=\/wp\/v2\/users\/2"}],"replies":[{"embeddable":true,"href":"https:\/\/zonaroja.com.mx\/index.php?rest_route=%2Fwp%2Fv2%2Fcomments&post=14868"}],"version-history":[{"count":1,"href":"https:\/\/zonaroja.com.mx\/index.php?rest_route=\/wp\/v2\/posts\/14868\/revisions"}],"predecessor-version":[{"id":14870,"href":"https:\/\/zonaroja.com.mx\/index.php?rest_route=\/wp\/v2\/posts\/14868\/revisions\/14870"}],"wp:featuredmedia":[{"embeddable":true,"href":"https:\/\/zonaroja.com.mx\/index.php?rest_route=\/wp\/v2\/media\/14869"}],"wp:attachment":[{"href":"https:\/\/zonaroja.com.mx\/index.php?rest_route=%2Fwp%2Fv2%2Fmedia&parent=14868"}],"wp:term":[{"taxonomy":"category","embeddable":true,"href":"https:\/\/zonaroja.com.mx\/index.php?rest_route=%2Fwp%2Fv2%2Fcategories&post=14868"},{"taxonomy":"post_tag","embeddable":true,"href":"https:\/\/zonaroja.com.mx\/index.php?rest_route=%2Fwp%2Fv2%2Ftags&post=14868"}],"curies":[{"name":"wp","href":"https:\/\/api.w.org\/{rel}","templated":true}]}}