{"id":14871,"date":"2020-07-10T20:49:17","date_gmt":"2020-07-11T01:49:17","guid":{"rendered":"http:\/\/www.zonaroja.com.mx\/?p=14871"},"modified":"2020-07-10T20:49:20","modified_gmt":"2020-07-11T01:49:20","slug":"muere-por-covid-una-mujer-en-oaxaca-y-nadie-quiere-levantar-el-cuerpo","status":"publish","type":"post","link":"https:\/\/zonaroja.com.mx\/?p=14871","title":{"rendered":"Muere por Covid una mujer en Oaxaca y nadie quiere levantar el cuerpo"},"content":{"rendered":"\n<p>Yuridiana\nSosa\/Zona Roja.<\/p>\n\n\n\n<p>Oaxaca de\nJu\u00e1rez, Oax., 10 de julio de 2020.- Una modesta vecindad de cuartos con paredes\ny techos de l\u00e1mina se pint\u00f3 hoy de blanco.<\/p>\n\n\n\n<p>Es cal\nsobre el suelo, desde el acceso hasta el fondo del pasillo de 12 habitaciones,\ncomo medida de prevenci\u00f3n para desinfectar el lugar donde una mujer de 70 a\u00f1os\nmuri\u00f3 por Covid.<\/p>\n\n\n\n<p>Sola,\ndentro de uno de esos cuartos en el domicilio marcado con el 112 de la calle\nTlaxiaco, de la colonia Estado de Oaxaca en la agencia de San Mart\u00edn Mexic\u00e1pam,\nen la capital, falleci\u00f3 la mujer, de quien ninguna autoridad, ni Servicios de\nSalud ni Fiscal\u00eda General del Estado ni el DIF quiere atender su caso.<\/p>\n\n\n\n<p>Alrededor\nde las 18:00 horas el casero de la vecindad denuncia que son m\u00e1s de 12 horas\nlas que el cuerpo de la se\u00f1ora se encuentra dentro del cuarto donde vivi\u00f3 junto\na su esposo, quien falleci\u00f3 hace dos semanas.<\/p>\n\n\n\n<p>Cerca de\nlas 06:30 horas de este viernes, cuando de forma habitual una vecina acud\u00eda a\nofrecerle alimento, se percataron que la inquilina de la tercera edad se\nencontraba sin vida, el cuerpo estaba r\u00edgido.<\/p>\n\n\n\n<p>La Fiscal\u00eda General de Oaxaca evadi\u00f3 el caso luego de tres horas de insistencia por parte del propietario para que acudieran al lugar; \u00fanicamente recomend\u00f3 echar cal en el exterior y el interior de la vecindad, tras lo cual el personal se retir\u00f3. Servicios de Salud de Oaxaca tampoco responden.<\/p>\n\n\n\n<figure class=\"wp-block-embed-twitter wp-block-embed is-type-rich is-provider-twitter\"><div class=\"wp-block-embed__wrapper\">\n<div class=\"twitter-tweet\"><blockquote class=\"twitter-tweet\" data-lang=\"es\"><p lang=\"es\" dir=\"ltr\"><a href=\"https:\/\/twitter.com\/hashtag\/NuevaNormalidadOaxaca?src=hash&amp;ref_src=twsrc%5Etfw\">#NuevaNormalidadOaxaca<\/a><br>Desde las 06:00 horas, en el 112 de la calle Tlaxiaco de la colonia Estado de Oaxaca, ciudad capital, falleci\u00f3 una mujer al parecer por Covid-19; ni la <a href=\"https:\/\/twitter.com\/FISCALIA_GobOax?ref_src=twsrc%5Etfw\">@FISCALIA_GobOax<\/a> ni el <a href=\"https:\/\/twitter.com\/MunicipioOaxaca?ref_src=twsrc%5Etfw\">@MunicipioOaxaca<\/a> ni los <a href=\"https:\/\/twitter.com\/SSO_GobOax?ref_src=twsrc%5Etfw\">@SSO_GobOax<\/a> han querido hacerse cargo del caso, denuncian. <a href=\"https:\/\/t.co\/3lnXiIG4Dj\">pic.twitter.com\/3lnXiIG4Dj<\/a><\/p>&mdash; Zona Roja Oaxaca (@MexRoja) <a href=\"https:\/\/twitter.com\/MexRoja\/status\/1281737029018165255?ref_src=twsrc%5Etfw\">10 de julio de 2020<\/a><\/blockquote><\/div>\n<\/div><\/figure>\n\n\n\n<p>La noche\nse aproxima y el resto de los vecinos se encuentran acuartelados ante el hecho.\nEl desesperado casero pide la intervenci\u00f3n del agente de San Mart\u00edn Mexic\u00e1pam\npara que ayude con los tr\u00e1mites ante el ayuntamiento municipal de Oaxaca de\nJu\u00e1rez; pide la intervenci\u00f3n del DIF del estado.<\/p>\n\n\n\n<p>La mujer\nde unos 70 a\u00f1os enferm\u00f3 desde el viernes pasado tras la muerte de su esposo,\ntambi\u00e9n con s\u00edntomas de Covid-19, dice el casero. El se\u00f1or logr\u00f3 sepultura por\nintervenci\u00f3n de algunos familiares, pero la mujer no tuvo esa suerte.<\/p>\n\n\n\n<p>Cuando\nella estaba enferma, asegura, llamaron a los Servicios de Salud de Oaxaca para\nreportar el caso; nunca tuvieron una atenci\u00f3n adecuada, nunca fueron, s\u00f3lo\nindicaron aislamiento. Ahora en la muerte, la mujer tambi\u00e9n es ignorada por las\nautoridades para ser sepultada.<\/p>\n\n\n\n<p>La\nprecaria vecindad se pint\u00f3 de blanco y de luto para despedir a su segundo\nvecino en el transcurso de dos semanas. Y ninguna autoridad quiere atender el\ncaso.<\/p>\n","protected":false},"excerpt":{"rendered":"<p>Yuridiana Sosa\/Zona Roja. Oaxaca de Ju\u00e1rez, Oax., 10 de julio de 2020.- Una modesta vecindad&hellip;<\/p>\n","protected":false},"author":2,"featured_media":14872,"comment_status":"closed","ping_status":"open","sticky":false,"template":"","format":"standard","meta":{"_lmt_disableupdate":"","_lmt_disable":"","_jetpack_memberships_contains_paid_content":false,"footnotes":""},"categories":[109,47],"tags":[1512],"class_list":["post-14871","post","type-post","status-publish","format-standard","has-post-thumbnail","hentry","category-minuto-a-minuto","category-zona-gris","tag-coronavirus-oaxaca"],"jetpack_featured_media_url":"https:\/\/zonaroja.com.mx\/wp-content\/uploads\/2020\/07\/Muerta-Covid-colonia-Estado-de-Oaxaca.jpg","jetpack_sharing_enabled":true,"_links":{"self":[{"href":"https:\/\/zonaroja.com.mx\/index.php?rest_route=\/wp\/v2\/posts\/14871","targetHints":{"allow":["GET"]}}],"collection":[{"href":"https:\/\/zonaroja.com.mx\/index.php?rest_route=\/wp\/v2\/posts"}],"about":[{"href":"https:\/\/zonaroja.com.mx\/index.php?rest_route=\/wp\/v2\/types\/post"}],"author":[{"embeddable":true,"href":"https:\/\/zonaroja.com.mx\/index.php?rest_route=\/wp\/v2\/users\/2"}],"replies":[{"embeddable":true,"href":"https:\/\/zonaroja.com.mx\/index.php?rest_route=%2Fwp%2Fv2%2Fcomments&post=14871"}],"version-history":[{"count":1,"href":"https:\/\/zonaroja.com.mx\/index.php?rest_route=\/wp\/v2\/posts\/14871\/revisions"}],"predecessor-version":[{"id":14873,"href":"https:\/\/zonaroja.com.mx\/index.php?rest_route=\/wp\/v2\/posts\/14871\/revisions\/14873"}],"wp:featuredmedia":[{"embeddable":true,"href":"https:\/\/zonaroja.com.mx\/index.php?rest_route=\/wp\/v2\/media\/14872"}],"wp:attachment":[{"href":"https:\/\/zonaroja.com.mx\/index.php?rest_route=%2Fwp%2Fv2%2Fmedia&parent=14871"}],"wp:term":[{"taxonomy":"category","embeddable":true,"href":"https:\/\/zonaroja.com.mx\/index.php?rest_route=%2Fwp%2Fv2%2Fcategories&post=14871"},{"taxonomy":"post_tag","embeddable":true,"href":"https:\/\/zonaroja.com.mx\/index.php?rest_route=%2Fwp%2Fv2%2Ftags&post=14871"}],"curies":[{"name":"wp","href":"https:\/\/api.w.org\/{rel}","templated":true}]}}