{"id":14876,"date":"2020-07-10T22:22:12","date_gmt":"2020-07-11T03:22:12","guid":{"rendered":"http:\/\/www.zonaroja.com.mx\/?p=14876"},"modified":"2020-07-10T22:22:17","modified_gmt":"2020-07-11T03:22:17","slug":"quinto-dia-de-nueva-normalidad-14-muertos-y-210-positivos","status":"publish","type":"post","link":"https:\/\/zonaroja.com.mx\/?p=14876","title":{"rendered":"Quinto d\u00eda de \u201cnueva normalidad\u201d: 14 muertos y 210 positivos"},"content":{"rendered":"\n<p>Redacci\u00f3n\/Zona\nRoja.<\/p>\n\n\n\n<p>Oaxaca de\nJu\u00e1rez, Oax, 10 de julio de 2020.- Con sem\u00e1foro naranja y en el quinto d\u00eda de \u201cnueva\nnormalidad\u201d, Oaxaca registr\u00f3 en las \u00faltimas 24 horas 14 personas fallecidas y\nhan dado positivo al Covid-19, 210 m\u00e1s.<\/p>\n\n\n\n<p>De\nacuerdo con los Servicios de Salud de Oaxaca (SSO) al informe t\u00e9cnico\nepidemiol\u00f3gico de la pandemia, hasta este viernes 10 de julio, se tienen\nregistrados siete mil 438 casos del nuevo coronavirus en el estado.<\/p>\n\n\n\n<p>En un\ncomunicado, la dependencia indic\u00f3 que lamentablemente del global de\nconfirmados, 714 han derivado en fallecimientos (259 mujeres y 455 hombres), 14\nm\u00e1s que el d\u00eda de ayer, principalmente con enfermedades cr\u00f3nicas.<\/p>\n\n\n\n<p>De \u00e9ste\nreporte, 389 decesos corresponden a Valles Centrales, 148 a Tuxtepec, 88 al\nIstmo, 36 a la Mixteca, 28 a la Costa y 25 a la Sierra (Norte).<\/p>\n\n\n\n<p>Detall\u00f3\nque hasta este viernes se tiene un acumulado de cinco mil 948 pacientes que se\nhan recuperado, tres mil 570 han dado negativo a la prueba y se tiene en\nestudio a mil 173 casos sospechosos; por lo que a la fecha existe un global de\ndoce mil 181 notificaciones.<\/p>\n\n\n\n<p>Especific\u00f3\nque tres mil 336 mujeres se han contagiado de la enfermedad respiratoria, cifra\nque representan el 45% del total de casos, as\u00ed como cuatro mil 102 hombres, que\ncorresponden al 55%.<\/p>\n\n\n\n<p>Del\npersonal de salud que ha salido positivo a la prueba de Covid-19, 455 son\nm\u00e9dicos, 580 profesionales de la enfermer\u00eda y 370 de otros perfiles del sector,\nespecific\u00f3.<\/p>\n\n\n\n<p>Pidi\u00f3\nreforzar las medidas de higiene y limpieza, as\u00ed como el uso de cubre boca,\nprincipalmente de las personas adultas mayores, pacientes con enfermedades\ncr\u00f3nicas y mujeres embarazadas.<\/p>\n","protected":false},"excerpt":{"rendered":"<p>Redacci\u00f3n\/Zona Roja. Oaxaca de Ju\u00e1rez, Oax, 10 de julio de 2020.- Con sem\u00e1foro naranja y&hellip;<\/p>\n","protected":false},"author":2,"featured_media":14877,"comment_status":"closed","ping_status":"open","sticky":false,"template":"","format":"standard","meta":{"_lmt_disableupdate":"","_lmt_disable":"","_jetpack_memberships_contains_paid_content":false,"footnotes":""},"categories":[109,47],"tags":[1512],"class_list":["post-14876","post","type-post","status-publish","format-standard","has-post-thumbnail","hentry","category-minuto-a-minuto","category-zona-gris","tag-coronavirus-oaxaca"],"jetpack_featured_media_url":"https:\/\/zonaroja.com.mx\/wp-content\/uploads\/2020\/07\/SSO-1-4.jpeg","jetpack_sharing_enabled":true,"_links":{"self":[{"href":"https:\/\/zonaroja.com.mx\/index.php?rest_route=\/wp\/v2\/posts\/14876","targetHints":{"allow":["GET"]}}],"collection":[{"href":"https:\/\/zonaroja.com.mx\/index.php?rest_route=\/wp\/v2\/posts"}],"about":[{"href":"https:\/\/zonaroja.com.mx\/index.php?rest_route=\/wp\/v2\/types\/post"}],"author":[{"embeddable":true,"href":"https:\/\/zonaroja.com.mx\/index.php?rest_route=\/wp\/v2\/users\/2"}],"replies":[{"embeddable":true,"href":"https:\/\/zonaroja.com.mx\/index.php?rest_route=%2Fwp%2Fv2%2Fcomments&post=14876"}],"version-history":[{"count":1,"href":"https:\/\/zonaroja.com.mx\/index.php?rest_route=\/wp\/v2\/posts\/14876\/revisions"}],"predecessor-version":[{"id":14878,"href":"https:\/\/zonaroja.com.mx\/index.php?rest_route=\/wp\/v2\/posts\/14876\/revisions\/14878"}],"wp:featuredmedia":[{"embeddable":true,"href":"https:\/\/zonaroja.com.mx\/index.php?rest_route=\/wp\/v2\/media\/14877"}],"wp:attachment":[{"href":"https:\/\/zonaroja.com.mx\/index.php?rest_route=%2Fwp%2Fv2%2Fmedia&parent=14876"}],"wp:term":[{"taxonomy":"category","embeddable":true,"href":"https:\/\/zonaroja.com.mx\/index.php?rest_route=%2Fwp%2Fv2%2Fcategories&post=14876"},{"taxonomy":"post_tag","embeddable":true,"href":"https:\/\/zonaroja.com.mx\/index.php?rest_route=%2Fwp%2Fv2%2Ftags&post=14876"}],"curies":[{"name":"wp","href":"https:\/\/api.w.org\/{rel}","templated":true}]}}