{"id":14879,"date":"2020-07-11T07:58:52","date_gmt":"2020-07-11T12:58:52","guid":{"rendered":"http:\/\/www.zonaroja.com.mx\/?p=14879"},"modified":"2020-07-11T08:07:18","modified_gmt":"2020-07-11T13:07:18","slug":"confirman-115-trabajadores-con-covid-19-en-hospital-de-juchitan","status":"publish","type":"post","link":"https:\/\/zonaroja.com.mx\/?p=14879","title":{"rendered":"Confirman 115 trabajadores con Covid-19 en hospital de Juchit\u00e1n"},"content":{"rendered":"\n<p>Redacci\u00f3n\/Zona Roja. Foto: Archivo<\/p>\n\n\n\n<p>Oaxaca de\nJu\u00e1rez, Oax. 11 de julio de 2020.- El gobierno de Oaxaca confirm\u00f3 que alrededor\nde 115 trabajadores, entre m\u00e9dicos y enfermeras, dieron positivo a la prueba\ndel Covid-19 en el hospital general \u201cDr. Macedonio Ben\u00edtez Fuentes\u201d de Juchit\u00e1n\nde Zaragoza.<\/p>\n\n\n\n<p>\u201cLuego de\nrealizar un tamizaje a 183 profesionales de la salud de dicha unidad, de esta\ncifra el 63% result\u00f3 positivo al virus, por lo que se procedi\u00f3 a activar estado\nde cuarentena en el nosocomio, para la protecci\u00f3n tanto del cuerpo m\u00e9dico como\nde la poblaci\u00f3n\u201d, expuso en un comunicado.<\/p>\n\n\n\n<p>Detall\u00f3\nque siguiendo los protocolos de seguridad en salud para el personal y usuarios\nde las unidades m\u00e9dicas, los Servicios de Salud de Oaxaca (SSO), desplegaron\nacciones preventivas y de contenci\u00f3n, as\u00ed como b\u00fasqueda de casos de Covid.<\/p>\n\n\n\n<p>La\ndependencia precis\u00f3 que se est\u00e1n reforzando las acciones para minimizar riesgos\nm\u00e9dicos y de operaci\u00f3n, entre ellas, la sanitizaci\u00f3n de las diferentes \u00e1reas\ndel hospital, as\u00ed tambi\u00e9n se continuar\u00e1 la dotaci\u00f3n de manera constante de\nequipos de protecci\u00f3n personal, correspondientes seg\u00fan el lineamiento nacional\nvigente.<\/p>\n\n\n\n<p>Se\u00f1al\u00f3 que\ndesde que inici\u00f3 la pandemia, se han realizado diferentes estrategias de\nabordaje como son el Tamiz-Covid-19 en el \u00e1rea de urgencias, la suspensi\u00f3n de\ncirug\u00edas, procedimientos electivos, consulta externa, restricci\u00f3n de la visita\na pacientes hospitalizados e implementaci\u00f3n de lineamientos de higiene y\nlimpieza.<\/p>\n\n\n\n<p>Expuso\nque esta unidad hospitalaria continuar\u00e1 brindando atenci\u00f3n m\u00e9dica en el\nservicio de urgencias. <\/p>\n\n\n\n<p>\u201cRespecto\na los pacientes que reciben atenci\u00f3n m\u00e9dica por Covid-19, ser\u00e1n referidos a la\nred de hospitales de la Jurisdicci\u00f3n Sanitaria, que consta de 13 unidades\nhospitalarias, con una disponibilidad de camas del 58%, designadas para la\natenci\u00f3n de pacientes positivos\u201d.<\/p>\n\n\n\n<p>Cabe\nmencionar que la semana pasada, los trabajadores denunciaron un aumento\nexcesivo de contagios por coronavirus en dicho nosocomio, por lo cual el\ngobierno determin\u00f3 el cierre por tres d\u00edas, a fin de realizar labores de\ndesinfecci\u00f3n; no obstante, los resultados oficiales de los casos positivos se\ndieron a conocer ayer.<\/p>\n","protected":false},"excerpt":{"rendered":"<p>Redacci\u00f3n\/Zona Roja. Foto: Archivo Oaxaca de Ju\u00e1rez, Oax. 11 de julio de 2020.- El gobierno&hellip;<\/p>\n","protected":false},"author":2,"featured_media":14880,"comment_status":"closed","ping_status":"open","sticky":false,"template":"","format":"standard","meta":{"_lmt_disableupdate":"","_lmt_disable":"","_jetpack_memberships_contains_paid_content":false,"footnotes":""},"categories":[109,47],"tags":[1512],"class_list":["post-14879","post","type-post","status-publish","format-standard","has-post-thumbnail","hentry","category-minuto-a-minuto","category-zona-gris","tag-coronavirus-oaxaca"],"jetpack_featured_media_url":"https:\/\/zonaroja.com.mx\/wp-content\/uploads\/2020\/07\/Hospital-Juchit\u00e1n-4.jpg","jetpack_sharing_enabled":true,"_links":{"self":[{"href":"https:\/\/zonaroja.com.mx\/index.php?rest_route=\/wp\/v2\/posts\/14879","targetHints":{"allow":["GET"]}}],"collection":[{"href":"https:\/\/zonaroja.com.mx\/index.php?rest_route=\/wp\/v2\/posts"}],"about":[{"href":"https:\/\/zonaroja.com.mx\/index.php?rest_route=\/wp\/v2\/types\/post"}],"author":[{"embeddable":true,"href":"https:\/\/zonaroja.com.mx\/index.php?rest_route=\/wp\/v2\/users\/2"}],"replies":[{"embeddable":true,"href":"https:\/\/zonaroja.com.mx\/index.php?rest_route=%2Fwp%2Fv2%2Fcomments&post=14879"}],"version-history":[{"count":3,"href":"https:\/\/zonaroja.com.mx\/index.php?rest_route=\/wp\/v2\/posts\/14879\/revisions"}],"predecessor-version":[{"id":14883,"href":"https:\/\/zonaroja.com.mx\/index.php?rest_route=\/wp\/v2\/posts\/14879\/revisions\/14883"}],"wp:featuredmedia":[{"embeddable":true,"href":"https:\/\/zonaroja.com.mx\/index.php?rest_route=\/wp\/v2\/media\/14880"}],"wp:attachment":[{"href":"https:\/\/zonaroja.com.mx\/index.php?rest_route=%2Fwp%2Fv2%2Fmedia&parent=14879"}],"wp:term":[{"taxonomy":"category","embeddable":true,"href":"https:\/\/zonaroja.com.mx\/index.php?rest_route=%2Fwp%2Fv2%2Fcategories&post=14879"},{"taxonomy":"post_tag","embeddable":true,"href":"https:\/\/zonaroja.com.mx\/index.php?rest_route=%2Fwp%2Fv2%2Ftags&post=14879"}],"curies":[{"name":"wp","href":"https:\/\/api.w.org\/{rel}","templated":true}]}}