{"id":1488,"date":"2019-05-27T03:05:35","date_gmt":"2019-05-27T08:05:35","guid":{"rendered":"http:\/\/www.zonaroja.com.mx\/?p=1488"},"modified":"2019-05-27T03:05:37","modified_gmt":"2019-05-27T08:05:37","slug":"latente-impunidad-en-la-agresion-a-periodistas-de-oaxaca","status":"publish","type":"post","link":"https:\/\/zonaroja.com.mx\/?p=1488","title":{"rendered":"Latente impunidad en la agresi\u00f3n a periodistas de Oaxaca"},"content":{"rendered":"\n<p><\/p>\n\n\n\n<h2 class=\"wp-block-heading\">La Unidad Especializada en Delitos Cometidos Contra la Libertad de Expresi\u00f3n, un \u201celefante blanco\u201d, no resuelve<\/h2>\n\n\n\n<p>Redacci\u00f3n\/Adelanto<\/p>\n\n\n\n<p>Foto: Especial<\/p>\n\n\n\n<p>Oaxaca de Ju\u00e1rez, Oax.- \u201c\u00a1C\u00f3mo es posible, yo fui el agredido por los transportistas de Pinotepa Nacional y ahora resulta que soy el acusado! \u00a1C\u00f3mo es posible que mi caso no lo haya retomado a la fecha la Fiscal\u00eda General del Estado y en cambio por la acusaci\u00f3n en mi contra ya me llam\u00f3 a declarar!\u201d.<\/p>\n\n\n\n<p>El extra\u00f1amiento es del periodista Rufino Feria Bautista, quien el pasado 30 de marzo fue golpeado cuando cubr\u00eda una manifestaci\u00f3n de taxistas y mototaxistas en Pinotepa, adem\u00e1s de haber sido amenazado de muerte.<\/p>\n\n\n\n<p>De inmediato puso su queja ante la Vicefiscal\u00eda Regional de la Costa, pero jam\u00e1s lo volvieron a citar. La Unidad Especializada en Delitos Cometidos Contra la Libertad de Expresi\u00f3n de la Fiscal\u00eda, dijo que ir\u00eda a buscarlo a Pinotepa pero jam\u00e1s sucedi\u00f3.<\/p>\n\n\n\n<p>Esta es una de las tantas historias de impunidad que prevalecen en Oaxaca en cuanto a los ataques a la libertad de expresi\u00f3n y a los miembros de la prensa.<\/p>\n\n\n\n<p>\u201cEl 3 de agosto de 2017 la Fiscal\u00eda General de Oaxaca, con su entonces flamante titular Rub\u00e9n Vasconcelos M\u00e9ndez, cre\u00f3 la Unidad Especializada en Delitos Cometidos Contra la Libertad de Expresi\u00f3n, sin utilidad notoria desde entonces y hasta ahora.<\/p>\n\n\n\n<p>\u201cUn acuerdo a todas luces improvisado, inscrito en esa farsa nacional de la Presidencia de la Rep\u00fablica. Ni siquiera cumpli\u00f3 sus propios art\u00edculos este nuevo ente burocr\u00e1tico oaxaque\u00f1o sin utilidad.<\/p>\n\n\n\n<p>\u201cY con eso dicha Unidad no est\u00e1 legalmente conformada. Su art\u00edculo quinto dice que contar\u00eda con un Consejo Consultivo, integrado por un Consejero Presidente y seis Consejeros con voz y voto. Aunque todos ellos ser\u00edan designados por el fiscal general, nunca se nombraron\u201d.<\/p>\n\n\n\n<p>Eso refiere la Asociaci\u00f3n de Periodistas de Oaxaca, durante un reciente encuentro llevado a cabo en la ciudad de Oaxaca.<\/p>\n\n\n\n<p>\u201cDe los casos que la APO llev\u00f3 a esa nueva burocracia, ninguno recibi\u00f3 siquiera alg\u00fan impulso procesal. El primer titular de esa oficina &#8211;ahora Vicefiscal Regional de la Mixteca&#8211; dijo a la dirigencia de la gremial que los casos federales no eran de su competencia, cuando en reciente reuni\u00f3n de la FEADLE con comunicadores oaxaque\u00f1os, \u00e9sta hab\u00eda anunciado estrecha colaboraci\u00f3n con sus s\u00edmiles estatales. Evidentemente se trat\u00f3 de otro acto de simulaci\u00f3n\u201d.<\/p>\n\n\n\n<p>(Continuar\u00e1)<br><\/p>\n","protected":false},"excerpt":{"rendered":"<p>La Unidad Especializada en Delitos Cometidos Contra la Libertad de Expresi\u00f3n, un \u201celefante blanco\u201d, no&hellip;<\/p>\n","protected":false},"author":1,"featured_media":1489,"comment_status":"closed","ping_status":"open","sticky":false,"template":"","format":"standard","meta":{"_lmt_disableupdate":"","_lmt_disable":"","_jetpack_memberships_contains_paid_content":false,"footnotes":""},"categories":[51],"tags":[],"class_list":["post-1488","post","type-post","status-publish","format-standard","has-post-thumbnail","hentry","category-zona-roja"],"jetpack_featured_media_url":"https:\/\/zonaroja.com.mx\/wp-content\/uploads\/2019\/05\/20190526_085615.jpg","jetpack_sharing_enabled":true,"_links":{"self":[{"href":"https:\/\/zonaroja.com.mx\/index.php?rest_route=\/wp\/v2\/posts\/1488","targetHints":{"allow":["GET"]}}],"collection":[{"href":"https:\/\/zonaroja.com.mx\/index.php?rest_route=\/wp\/v2\/posts"}],"about":[{"href":"https:\/\/zonaroja.com.mx\/index.php?rest_route=\/wp\/v2\/types\/post"}],"author":[{"embeddable":true,"href":"https:\/\/zonaroja.com.mx\/index.php?rest_route=\/wp\/v2\/users\/1"}],"replies":[{"embeddable":true,"href":"https:\/\/zonaroja.com.mx\/index.php?rest_route=%2Fwp%2Fv2%2Fcomments&post=1488"}],"version-history":[{"count":1,"href":"https:\/\/zonaroja.com.mx\/index.php?rest_route=\/wp\/v2\/posts\/1488\/revisions"}],"predecessor-version":[{"id":1490,"href":"https:\/\/zonaroja.com.mx\/index.php?rest_route=\/wp\/v2\/posts\/1488\/revisions\/1490"}],"wp:featuredmedia":[{"embeddable":true,"href":"https:\/\/zonaroja.com.mx\/index.php?rest_route=\/wp\/v2\/media\/1489"}],"wp:attachment":[{"href":"https:\/\/zonaroja.com.mx\/index.php?rest_route=%2Fwp%2Fv2%2Fmedia&parent=1488"}],"wp:term":[{"taxonomy":"category","embeddable":true,"href":"https:\/\/zonaroja.com.mx\/index.php?rest_route=%2Fwp%2Fv2%2Fcategories&post=1488"},{"taxonomy":"post_tag","embeddable":true,"href":"https:\/\/zonaroja.com.mx\/index.php?rest_route=%2Fwp%2Fv2%2Ftags&post=1488"}],"curies":[{"name":"wp","href":"https:\/\/api.w.org\/{rel}","templated":true}]}}