{"id":14884,"date":"2020-07-11T08:14:01","date_gmt":"2020-07-11T13:14:01","guid":{"rendered":"http:\/\/www.zonaroja.com.mx\/?p=14884"},"modified":"2020-07-11T08:14:04","modified_gmt":"2020-07-11T13:14:04","slug":"sin-rastro-de-33-defunciones-de-covid-en-loma-bonita-hay-alarma","status":"publish","type":"post","link":"https:\/\/zonaroja.com.mx\/?p=14884","title":{"rendered":"Sin rastro de 33 defunciones de Covid en Loma Bonita; hay alarma"},"content":{"rendered":"\n<p>Yuridiana\nSosa\/Zona Roja.<\/p>\n\n\n\n<p>Oaxaca de\nJu\u00e1rez, Oax., 11 de julio de 2020.- Cierre de comercios locales y nacionales, as\u00ed\ncomo mercado y colocaci\u00f3n de filtros sanitarios, son una de las medidas que las\nautoridades y poblaci\u00f3n de Loma Bonita tomaron ante el s\u00fabito registro de\ndefunciones relacionadas a Covid-19, en lo que va de julio.<\/p>\n\n\n\n<p>Aunque la\nSecretar\u00eda de Salud del gobierno federal apenas registra tres muertes de Covid,\nal corte del 9 de julio, y 31 casos acumulados confirmados de SARS-CoV-2, el\nayuntamiento municipal tiene en cuenta al menos unos 33 decesos registrados en\nlos \u00faltimos nueve d\u00edas.<\/p>\n\n\n\n<p>El\npresidente municipal, Raymundo Rivera Hern\u00e1ndez, se\u00f1al\u00f3 que las personas han\nfallecido en sus domicilios tratando de superar alguna enfermedad, las cuales\nde acuerdo con los s\u00edntomas que padecieron est\u00e1n relacionados a coronavirus.<\/p>\n\n\n\n<p>Frente a\nesas circunstancias y a m\u00e1s de tres meses de la contingencia, la autoridad\nmunicipal anunci\u00f3 la intensificaci\u00f3n en una serie de actividades para ayudar a\nmitigar la propagaci\u00f3n de contagios.<\/p>\n\n\n\n<p>A partir\ndel pasado lunes 6 de julio, comenz\u00f3 por primera vez el cierre del comercio no\nesencia e incluso de establecimientos de comida y de algunas tiendas\ndepartamentales.<\/p>\n\n\n\n<p>El\nayuntamiento de Loma Bonito procedi\u00f3 a la clausura de la tienda Elecktra por\ndesacato al mandato municipal al considerarlo con actividad comercial no\nesencial y aunque la empresa de Grupo Salinas present\u00f3 un amparo para continuar\nactividades, la autoridad municipal no lo acat\u00f3.<\/p>\n\n\n\n<p>Tambi\u00e9n\nse reanud\u00f3 la ley seca, se instalaron filtros sanitarios en el acceso a la\ncabecera municipal para fomentar el uso del cubrebocas, as\u00ed como la\ndistribuci\u00f3n de estos elementos.<\/p>\n\n\n\n<p>Este\nviernes, el ayuntamiento en conjunto con la Coordinaci\u00f3n Estatal de Protecci\u00f3n\nCivil, aplic\u00f3 la desinfecci\u00f3n de calles, lo cual prometen se realizar\u00e1 en todo\nel casco urbano, colonias y agencias.<\/p>\n","protected":false},"excerpt":{"rendered":"<p>Yuridiana Sosa\/Zona Roja. Oaxaca de Ju\u00e1rez, Oax., 11 de julio de 2020.- Cierre de comercios&hellip;<\/p>\n","protected":false},"author":2,"featured_media":14885,"comment_status":"closed","ping_status":"open","sticky":false,"template":"","format":"standard","meta":{"_lmt_disableupdate":"","_lmt_disable":"","_jetpack_memberships_contains_paid_content":false,"footnotes":""},"categories":[109,47],"tags":[188],"class_list":["post-14884","post","type-post","status-publish","format-standard","has-post-thumbnail","hentry","category-minuto-a-minuto","category-zona-gris","tag-loma-bonita"],"jetpack_featured_media_url":"https:\/\/zonaroja.com.mx\/wp-content\/uploads\/2020\/07\/Loma-Bonita-2.jpg","jetpack_sharing_enabled":true,"_links":{"self":[{"href":"https:\/\/zonaroja.com.mx\/index.php?rest_route=\/wp\/v2\/posts\/14884","targetHints":{"allow":["GET"]}}],"collection":[{"href":"https:\/\/zonaroja.com.mx\/index.php?rest_route=\/wp\/v2\/posts"}],"about":[{"href":"https:\/\/zonaroja.com.mx\/index.php?rest_route=\/wp\/v2\/types\/post"}],"author":[{"embeddable":true,"href":"https:\/\/zonaroja.com.mx\/index.php?rest_route=\/wp\/v2\/users\/2"}],"replies":[{"embeddable":true,"href":"https:\/\/zonaroja.com.mx\/index.php?rest_route=%2Fwp%2Fv2%2Fcomments&post=14884"}],"version-history":[{"count":1,"href":"https:\/\/zonaroja.com.mx\/index.php?rest_route=\/wp\/v2\/posts\/14884\/revisions"}],"predecessor-version":[{"id":14886,"href":"https:\/\/zonaroja.com.mx\/index.php?rest_route=\/wp\/v2\/posts\/14884\/revisions\/14886"}],"wp:featuredmedia":[{"embeddable":true,"href":"https:\/\/zonaroja.com.mx\/index.php?rest_route=\/wp\/v2\/media\/14885"}],"wp:attachment":[{"href":"https:\/\/zonaroja.com.mx\/index.php?rest_route=%2Fwp%2Fv2%2Fmedia&parent=14884"}],"wp:term":[{"taxonomy":"category","embeddable":true,"href":"https:\/\/zonaroja.com.mx\/index.php?rest_route=%2Fwp%2Fv2%2Fcategories&post=14884"},{"taxonomy":"post_tag","embeddable":true,"href":"https:\/\/zonaroja.com.mx\/index.php?rest_route=%2Fwp%2Fv2%2Ftags&post=14884"}],"curies":[{"name":"wp","href":"https:\/\/api.w.org\/{rel}","templated":true}]}}