{"id":14887,"date":"2020-07-11T08:48:26","date_gmt":"2020-07-11T13:48:26","guid":{"rendered":"http:\/\/www.zonaroja.com.mx\/?p=14887"},"modified":"2020-07-11T08:48:29","modified_gmt":"2020-07-11T13:48:29","slug":"presenta-programacion-de-guelaguetza-2020-que-por-pandemia-sera-virtual","status":"publish","type":"post","link":"https:\/\/zonaroja.com.mx\/?p=14887","title":{"rendered":"Presenta programaci\u00f3n de Guelaguetza 2020, que por pandemia ser\u00e1 virtual"},"content":{"rendered":"\n<p>Redacci\u00f3n\/Zona\nRoja.<\/p>\n\n\n\n<p>Oaxaca de\nJu\u00e1rez, Oax., 11 de julio de 2020.- En el teatro \u201cMacedonio Alcal\u00e1\u201d y a trav\u00e9s\nde una conferencia virtual, este viernes el gobierno de Oaxaca present\u00f3 la\nprogramaci\u00f3n de la Guelaguetza 2020, que por la pandemia de Covid-19 se\ntransmitir\u00e1 a trav\u00e9s de la Corporaci\u00f3n Oaxaque\u00f1a de Radio y Televisi\u00f3n (Cortv).<\/p>\n\n\n\n<p>La fiesta\nvirtual se difundir\u00e1 tambi\u00e9n a trav\u00e9s de las redes sociales de las dependencias\nparticipantes; bajo el t\u00edtulo \u201cGuelaguetza 2020, La fuerza de nuestra\nidentidad\u201d, se contempla la presentaci\u00f3n de sus cuatro emisiones, los lunes 20\ny 27 de julio a las 10:00 y 17:00 horas.<\/p>\n\n\n\n<p>En un\ncomunicado, destac\u00f3 tambi\u00e9n que los domingos 19 y 26 de julio se llevar\u00e1 a cabo\nla retransmisi\u00f3n de \u201cDonaj\u00ed la Leyenda\u201d.<\/p>\n\n\n\n<p>El\nGobierno del Estado y las dependencias estatales invitan a los oaxaque\u00f1os a\nconsultar la cartelera de actividades del 11 al 28 de julio, a trav\u00e9s de sus\nredes sociales y en las p\u00e1ginas oficiales.<\/p>\n\n\n\n<p>En esta ocasi\u00f3n\nse cuenta con la obra de la artista oaxaque\u00f1a Montserrat Alhel\u00ed Steck Ortiz,\ndenominada \u201cTrenzando Magia\u201d, y que ser\u00e1 la imagen oficial de la Fiestas de\nJulio, mes de la Guelaguetza, que este a\u00f1o se realizar\u00e1 de manera diferente.<\/p>\n\n\n\n<p>La\nconferencia fue ofrecida por titulares de la Secretar\u00eda de Turismo (Sectur\nOaxaca), Juan Carlos Rivera; la Secretar\u00eda de Econom\u00eda (SE), Juan Pablo Guzm\u00e0n;\nla Secretar\u00eda de las Culturas y Artes de Oaxaca (Seculta), Karla Villaca\u00f1a, y\nde la Cortv, Mart\u00edn V\u00e1squez Villanueva.<\/p>\n\n\n\n<p>V\u00e1squez\nVillanueva, consider\u00f3 que \u201cla Guelaguetza es un alma, el alma de Oaxaca\u201d, por\nlo cual, en coordinaci\u00f3n con el Gobierno del Estado estar\u00e1n mandando un mensaje\nde aliento a las y los oaxaque\u00f1os.<\/p>\n\n\n\n<p>Destac\u00f3\nla sensibilidad del gobernador Alejandro Murat Hinojosa, el trabajo conjunto y\nla suma de esfuerzos de la y los secretarios, para llevar a cabo una\nprogramaci\u00f3n de la m\u00e1xima celebraci\u00f3n de Oaxaca.<\/p>\n\n\n\n<p>\u201cSi bien\nno estar\u00e1 el auditorio lleno, se estar\u00e1 compartiendo la Guelaguetza al mundo en\nun solo click, siendo la de este a\u00f1o, un homenaje y una celebraci\u00f3n de la vida,\nque nos una, nos d\u00e9 m\u00e1s fuerza, identidad y aliento para sobrellevar esta\namenaza. Es una oportunidad para dar el mensaje de si amamos nuestra vida,\nvamos a cuidarnos para disfrutar de la Guelaguetza el pr\u00f3ximo a\u00f1o\u201d, se\u00f1al\u00f3.<\/p>\n","protected":false},"excerpt":{"rendered":"<p>Redacci\u00f3n\/Zona Roja. Oaxaca de Ju\u00e1rez, Oax., 11 de julio de 2020.- En el teatro \u201cMacedonio&hellip;<\/p>\n","protected":false},"author":2,"featured_media":14888,"comment_status":"closed","ping_status":"open","sticky":false,"template":"","format":"standard","meta":{"_lmt_disableupdate":"","_lmt_disable":"","_jetpack_memberships_contains_paid_content":false,"footnotes":""},"categories":[109,46],"tags":[1822],"class_list":["post-14887","post","type-post","status-publish","format-standard","has-post-thumbnail","hentry","category-minuto-a-minuto","category-zona-blanca","tag-guelaguetza-2020-oaxaca"],"jetpack_featured_media_url":"https:\/\/zonaroja.com.mx\/wp-content\/uploads\/2020\/07\/Presentaci\u00f3n-Guelaguetza.jpeg","jetpack_sharing_enabled":true,"_links":{"self":[{"href":"https:\/\/zonaroja.com.mx\/index.php?rest_route=\/wp\/v2\/posts\/14887","targetHints":{"allow":["GET"]}}],"collection":[{"href":"https:\/\/zonaroja.com.mx\/index.php?rest_route=\/wp\/v2\/posts"}],"about":[{"href":"https:\/\/zonaroja.com.mx\/index.php?rest_route=\/wp\/v2\/types\/post"}],"author":[{"embeddable":true,"href":"https:\/\/zonaroja.com.mx\/index.php?rest_route=\/wp\/v2\/users\/2"}],"replies":[{"embeddable":true,"href":"https:\/\/zonaroja.com.mx\/index.php?rest_route=%2Fwp%2Fv2%2Fcomments&post=14887"}],"version-history":[{"count":1,"href":"https:\/\/zonaroja.com.mx\/index.php?rest_route=\/wp\/v2\/posts\/14887\/revisions"}],"predecessor-version":[{"id":14889,"href":"https:\/\/zonaroja.com.mx\/index.php?rest_route=\/wp\/v2\/posts\/14887\/revisions\/14889"}],"wp:featuredmedia":[{"embeddable":true,"href":"https:\/\/zonaroja.com.mx\/index.php?rest_route=\/wp\/v2\/media\/14888"}],"wp:attachment":[{"href":"https:\/\/zonaroja.com.mx\/index.php?rest_route=%2Fwp%2Fv2%2Fmedia&parent=14887"}],"wp:term":[{"taxonomy":"category","embeddable":true,"href":"https:\/\/zonaroja.com.mx\/index.php?rest_route=%2Fwp%2Fv2%2Fcategories&post=14887"},{"taxonomy":"post_tag","embeddable":true,"href":"https:\/\/zonaroja.com.mx\/index.php?rest_route=%2Fwp%2Fv2%2Ftags&post=14887"}],"curies":[{"name":"wp","href":"https:\/\/api.w.org\/{rel}","templated":true}]}}