{"id":14890,"date":"2020-07-11T10:45:26","date_gmt":"2020-07-11T15:45:26","guid":{"rendered":"http:\/\/www.zonaroja.com.mx\/?p=14890"},"modified":"2020-07-11T10:45:28","modified_gmt":"2020-07-11T15:45:28","slug":"suman-tres-funcionarios-con-pena-nieto-investigados-por-corrupcion","status":"publish","type":"post","link":"https:\/\/zonaroja.com.mx\/?p=14890","title":{"rendered":"Suman tres funcionarios con Pe\u00f1a Nieto investigados por corrupci\u00f3n"},"content":{"rendered":"\n<p>Redacci\u00f3n\/Zona\nRoja Cdmx.<\/p>\n\n\n\n<p>Ciudad de\nM\u00e9xico, 11 de julio de 2020.- Tom\u00e1s Zer\u00f3n, el ex gobernador C\u00e9sar Duarte y el\nex titular de Pemex, Emilio Lozoya, son tres personajes que fungieron durante\nel sexenio de Enrique Pe\u00f1a Nieto y que ahora son investigados por el gobierno\nde Andr\u00e9s Manuel L\u00f3pez Obrador, acusados de corrupci\u00f3n.<\/p>\n\n\n\n<p>En tanto,\nla autoridad federal anunci\u00f3 tambi\u00e9n la localizaci\u00f3n del empresario mexicano de\norigen liban\u00e9s, Kamel Nacif Borge, en el L\u00edbano y tramita ya su extradici\u00f3n,\nbajo la acusaci\u00f3n de tortura contra la periodista Lidia Cacho.<\/p>\n\n\n\n<p>Despu\u00e9s\nde que Tom\u00e1s Zer\u00f3n de Lucio, ex director de la Agencia de Investigaci\u00f3n\nCriminal en el sexenio anterior, fue ubicado en Canad\u00e1, la Secretar\u00eda de\nRelaciones Exteriores (SRE) inici\u00f3 el proceso para solicitar al gobierno de ese\npa\u00eds su extradici\u00f3n, a fin de que responda en M\u00e9xico por los delitos que se le\nimputan, relacionados con el caso Ayotzinapa.<\/p>\n\n\n\n<p>La\ndependencia resalt\u00f3 que tambi\u00e9n es importante la extradici\u00f3n de C\u00e9sar Duarte,\nex gobernador de Chihuahua, para que sea procesado en M\u00e9xico, ante m\u00faltiples\ndenuncias por desv\u00edo de recursos y enriquecimiento il\u00edcito. <\/p>\n\n\n\n<p>La SRE\nintegr\u00f3 la solicitud de extradici\u00f3n por varios delitos; la primera vez, con 16\n\u00f3rdenes de aprehensi\u00f3n giradas por la fiscal\u00eda de Chihuahua.<\/p>\n\n\n\n<p>\u201cEl\npresidente Andr\u00e9s Manuel L\u00f3pez Obrador dej\u00f3 claro que no hay intenci\u00f3n de\nutilizar de manera pol\u00edtica la aplicaci\u00f3n de la ley, y enfatiz\u00f3 que no\nfabricar\u00e1n delitos a nadie, como era costumbre\u201d, dijo ayer Marcelo Ebrard.<\/p>\n\n\n\n<p>En tanto,\nel traslado a M\u00e9xico del ex director general de Petr\u00f3leos Mexicanos (Pemex)\nEmilio Lozoya Austin est\u00e1 en manos de la Organizaci\u00f3n Internacional de Polic\u00eda\nCriminal (Interpol, por sus siglas en ingl\u00e9s), que ya fue notificada de la v\u00eda\nlibre para activar el dispositivo para su entrega a las autoridades de su pa\u00eds.\n<\/p>\n\n\n\n<p>El d\u00eda y\nla hora del traslado se mantienen en un herm\u00e9tico secreto, entre otros motivos\npor la seguridad que rodea al caso y por garantizar la integridad tanto del\ndetenido como de los agentes policiales que lo custodiar\u00e1n hasta que se\nformalice la entrega en territorio nacional.<\/p>\n\n\n\n<p>ORDENAN\nINVESTIGACI\u00d3N<\/p>\n\n\n\n<p>Por otra\nparte, luego de que la Suprema Corte de Justicia de la Naci\u00f3n (SCJN) determin\u00f3 hace\nunos d\u00edas que la Secretar\u00eda de la Funci\u00f3n P\u00fablica (SFP) s\u00ed tiene atribuciones\npara sancionar irregularidades administrativas graves, la titular de dicho\norganismo, Irma Er\u00e9ndira Sandoval, orden\u00f3 iniciar de inmediato todas las\ninvestigaciones por hechos e irregularidades cometidos entre julio de 2013 y\njulio de 2017, que abarca casi todo el periodo de gobierno del ex presidente\nEnrique Pe\u00f1a Nieto.<\/p>\n\n\n\n<p>A trav\u00e9s\nde una circular fechada el 9 de julio \u2013de la cual el diario \u201cLa Jornada\u201d tiene\nuna copia\u2013, la funcionaria record\u00f3 que el pasado mi\u00e9rcoles la Segunda Sala en\nMateria Administrativa Laboral de la SCJN resolvi\u00f3 la contradicci\u00f3n de tesis\n103\/2020, interpuesta por Sandoval.<\/p>\n\n\n\n<p>(Con\ninformaci\u00f3n de \u201cLa Jornada\u201d)<\/p>\n","protected":false},"excerpt":{"rendered":"<p>Redacci\u00f3n\/Zona Roja Cdmx. Ciudad de M\u00e9xico, 11 de julio de 2020.- Tom\u00e1s Zer\u00f3n, el ex&hellip;<\/p>\n","protected":false},"author":2,"featured_media":14891,"comment_status":"closed","ping_status":"open","sticky":false,"template":"","format":"standard","meta":{"_lmt_disableupdate":"","_lmt_disable":"","_jetpack_memberships_contains_paid_content":false,"footnotes":""},"categories":[109,47],"tags":[],"class_list":["post-14890","post","type-post","status-publish","format-standard","has-post-thumbnail","hentry","category-minuto-a-minuto","category-zona-gris"],"jetpack_featured_media_url":"https:\/\/zonaroja.com.mx\/wp-content\/uploads\/2020\/07\/funcionarios-EPN.jpg","jetpack_sharing_enabled":true,"_links":{"self":[{"href":"https:\/\/zonaroja.com.mx\/index.php?rest_route=\/wp\/v2\/posts\/14890","targetHints":{"allow":["GET"]}}],"collection":[{"href":"https:\/\/zonaroja.com.mx\/index.php?rest_route=\/wp\/v2\/posts"}],"about":[{"href":"https:\/\/zonaroja.com.mx\/index.php?rest_route=\/wp\/v2\/types\/post"}],"author":[{"embeddable":true,"href":"https:\/\/zonaroja.com.mx\/index.php?rest_route=\/wp\/v2\/users\/2"}],"replies":[{"embeddable":true,"href":"https:\/\/zonaroja.com.mx\/index.php?rest_route=%2Fwp%2Fv2%2Fcomments&post=14890"}],"version-history":[{"count":1,"href":"https:\/\/zonaroja.com.mx\/index.php?rest_route=\/wp\/v2\/posts\/14890\/revisions"}],"predecessor-version":[{"id":14892,"href":"https:\/\/zonaroja.com.mx\/index.php?rest_route=\/wp\/v2\/posts\/14890\/revisions\/14892"}],"wp:featuredmedia":[{"embeddable":true,"href":"https:\/\/zonaroja.com.mx\/index.php?rest_route=\/wp\/v2\/media\/14891"}],"wp:attachment":[{"href":"https:\/\/zonaroja.com.mx\/index.php?rest_route=%2Fwp%2Fv2%2Fmedia&parent=14890"}],"wp:term":[{"taxonomy":"category","embeddable":true,"href":"https:\/\/zonaroja.com.mx\/index.php?rest_route=%2Fwp%2Fv2%2Fcategories&post=14890"},{"taxonomy":"post_tag","embeddable":true,"href":"https:\/\/zonaroja.com.mx\/index.php?rest_route=%2Fwp%2Fv2%2Ftags&post=14890"}],"curies":[{"name":"wp","href":"https:\/\/api.w.org\/{rel}","templated":true}]}}