{"id":14893,"date":"2020-07-11T10:54:14","date_gmt":"2020-07-11T15:54:14","guid":{"rendered":"http:\/\/www.zonaroja.com.mx\/?p=14893"},"modified":"2020-07-11T10:54:17","modified_gmt":"2020-07-11T15:54:17","slug":"compleja-situacion-del-covid-en-mexico-ops-gatell-responsabiliza-a-estados","status":"publish","type":"post","link":"https:\/\/zonaroja.com.mx\/?p=14893","title":{"rendered":"Compleja situaci\u00f3n del Covid en M\u00e9xico: OPS; Gatell responsabiliza a estados"},"content":{"rendered":"\n<p>Redacci\u00f3n\/Zona\nRoja Cdmx.<\/p>\n\n\n\n<p>Ciudad de\nM\u00e9xico, 11 de julio de 2020.- La Secretar\u00eda de Salud de M\u00e9xico determin\u00f3 anoche\nno emitir m\u00e1s el tipo de sem\u00e1foro epidemiol\u00f3gico en el pa\u00eds y dej\u00f3 la\nresponsabilidad a cada entidad del pa\u00eds.<\/p>\n\n\n\n<p>Anoche,\nel subsecretario Hugo L\u00f3pez-Gatell inform\u00f3 que no se dar\u00eda a conocer el\nsem\u00e1foro sanitario de riesgo, del 13 al 19 de julio, debido a que en algunas\nentidades se detectaron inconsistencias. <\/p>\n\n\n\n<p>\u201cDecidimos\nno presentarlo porque identificamos que la informaci\u00f3n que se transfiere para\nevaluarlo no es consistente\u201d, dijo, al responsabilizar a los estados de la\nsituaci\u00f3n.<\/p>\n\n\n\n<p>Emiti\u00f3\ntambi\u00e9n una alerta de preocupaci\u00f3n por lo que est\u00e1 ocurriendo en el interior\ndel pa\u00eds, ante el impacto de un desconfinamiento de actividades econ\u00f3micas y\nsociales demasiado r\u00e1pido, \u201cpor lo que hay un riesgo de repunte de la epidemia\nlocalmente\u201d.<\/p>\n\n\n\n<p>Destac\u00f3\nque si bien muchas tareas son municipales, como la reapertura de actividades\necon\u00f3micas, \u201ctambi\u00e9n hay responsabilidades de gobiernos estatales que saben qu\u00e9\nempresas abrieron o no, si lo hicieron cuando correspond\u00eda y qu\u00e9 medidas deben\nseguir\u201d. <\/p>\n\n\n\n<p>\u201cTambi\u00e9n\ncorresponde a las entidades, porque son autoridades sanitarias, las\nreconversiones hospitalarias que se instruyeron desde marzo y que no se han\nlogrado en todos los casos\u201d.<\/p>\n\n\n\n<p>ALERTA\nOMS<\/p>\n\n\n\n<p>Por otra\nparte, la Organizaci\u00f3n Panamericana de la Salud (OPS) alert\u00f3 ayer que M\u00e9xico\nvive una situaci\u00f3n extremadamente compleja ante el crecimiento de contagios y\nmuertes por Covid 19, las afectaciones econ\u00f3micas y sociales de la pandemia,\nas\u00ed como cierta confusi\u00f3n de sus habitantes respecto a las medidas de sana\ndistancia y la aplicaci\u00f3n de los colores rojo y naranja en el esquema de\nsemaforizaci\u00f3n.<\/p>\n\n\n\n<p>Entrevistado\npor el servicio de informaci\u00f3n de la oficina de la ONU en M\u00e9xico, Cristian\nMorales pidi\u00f3 no soslayar que el coronavirus tambi\u00e9n puede impactar en la salud\ny bienestar de ni\u00f1os y adolescentes.<\/p>\n\n\n\n<p>Hasta el\n5 de julio \u2013ubic\u00f3\u2013 hab\u00eda un poco m\u00e1s de 6 mil casos confirmados entre menores\nde edad; de \u00e9stos, mil 741 ten\u00edan menos de 6 a\u00f1os, 2 mil 912 entre 12 y 17 a\u00f1os\ny sumaban ya 109 defunciones.<\/p>\n\n\n\n<p>El\nespecialista refiri\u00f3 que M\u00e9xico oscila entre el segundo y primer lugar en\nsobrepeso y obesidad de su poblaci\u00f3n infantil y las enfermedades que ello\nentra\u00f1a como hipertensi\u00f3n y diabetes.<\/p>\n\n\n\n<p>Y para\nafincar m\u00e1s su impresi\u00f3n sobre la compleja situaci\u00f3n mexicana, Morales declar\u00f3\nque a\u00fan se desconoce la direcci\u00f3n que tomar\u00e1 la estabilizaci\u00f3n de la pandemia\nque se observa en algunos estados, y donde si bien se espera que sea a la baja,\ntambi\u00e9n puede ser una estabilizaci\u00f3n que nos lleve hacia arriba nuevamente y,\npor ello, pidi\u00f3 a la poblaci\u00f3n seguir protegi\u00e9ndose para vencer el desaf\u00edo.<\/p>\n\n\n\n<p>(Con\ninformaci\u00f3n de \u201cLa Jornada\u201d)<\/p>\n","protected":false},"excerpt":{"rendered":"<p>Redacci\u00f3n\/Zona Roja Cdmx. Ciudad de M\u00e9xico, 11 de julio de 2020.- La Secretar\u00eda de Salud&hellip;<\/p>\n","protected":false},"author":2,"featured_media":14740,"comment_status":"closed","ping_status":"open","sticky":false,"template":"","format":"standard","meta":{"_lmt_disableupdate":"","_lmt_disable":"","_jetpack_memberships_contains_paid_content":false,"footnotes":""},"categories":[109,47],"tags":[1328],"class_list":["post-14893","post","type-post","status-publish","format-standard","has-post-thumbnail","hentry","category-minuto-a-minuto","category-zona-gris","tag-coronavirus-mexico"],"jetpack_featured_media_url":"https:\/\/zonaroja.com.mx\/wp-content\/uploads\/2020\/07\/filtroCiudad-Judicial3.jpg","jetpack_sharing_enabled":true,"_links":{"self":[{"href":"https:\/\/zonaroja.com.mx\/index.php?rest_route=\/wp\/v2\/posts\/14893","targetHints":{"allow":["GET"]}}],"collection":[{"href":"https:\/\/zonaroja.com.mx\/index.php?rest_route=\/wp\/v2\/posts"}],"about":[{"href":"https:\/\/zonaroja.com.mx\/index.php?rest_route=\/wp\/v2\/types\/post"}],"author":[{"embeddable":true,"href":"https:\/\/zonaroja.com.mx\/index.php?rest_route=\/wp\/v2\/users\/2"}],"replies":[{"embeddable":true,"href":"https:\/\/zonaroja.com.mx\/index.php?rest_route=%2Fwp%2Fv2%2Fcomments&post=14893"}],"version-history":[{"count":1,"href":"https:\/\/zonaroja.com.mx\/index.php?rest_route=\/wp\/v2\/posts\/14893\/revisions"}],"predecessor-version":[{"id":14894,"href":"https:\/\/zonaroja.com.mx\/index.php?rest_route=\/wp\/v2\/posts\/14893\/revisions\/14894"}],"wp:featuredmedia":[{"embeddable":true,"href":"https:\/\/zonaroja.com.mx\/index.php?rest_route=\/wp\/v2\/media\/14740"}],"wp:attachment":[{"href":"https:\/\/zonaroja.com.mx\/index.php?rest_route=%2Fwp%2Fv2%2Fmedia&parent=14893"}],"wp:term":[{"taxonomy":"category","embeddable":true,"href":"https:\/\/zonaroja.com.mx\/index.php?rest_route=%2Fwp%2Fv2%2Fcategories&post=14893"},{"taxonomy":"post_tag","embeddable":true,"href":"https:\/\/zonaroja.com.mx\/index.php?rest_route=%2Fwp%2Fv2%2Ftags&post=14893"}],"curies":[{"name":"wp","href":"https:\/\/api.w.org\/{rel}","templated":true}]}}