{"id":14898,"date":"2020-07-11T12:00:27","date_gmt":"2020-07-11T17:00:27","guid":{"rendered":"http:\/\/www.zonaroja.com.mx\/?p=14898"},"modified":"2020-07-11T12:00:31","modified_gmt":"2020-07-11T17:00:31","slug":"frena-sale-de-nuevo-a-las-calles-y-cuestiona-politica-sanitaria-de-amlo","status":"publish","type":"post","link":"https:\/\/zonaroja.com.mx\/?p=14898","title":{"rendered":"FRENA sale de nuevo a las calles y cuestiona pol\u00edtica sanitaria de AMLO"},"content":{"rendered":"\n<p>Evlin\nArag\u00f3n\/Zona Roja.<\/p>\n\n\n\n<p>Oaxaca de\nJu\u00e1rez, Oax., 11 de julio de 2020.- Como lo han hecho en las \u00faltimas semanas,\nintegrantes del Frente Nacional Anti-AMLO (FRENA), salieron este s\u00e1bado en\ncaravana motorizada para manifestar su rechazo a las pol\u00edticas p\u00fablicas\nimplementadas por el gobierno federal, encabezado por Andr\u00e9s Manuel L\u00f3pez.<\/p>\n\n\n\n<p>En esta\ncuarta emisi\u00f3n de la protesta, cuestionaron el mal manejo de la crisis\nsanitaria por parte de la Federaci\u00f3n, que permiti\u00f3 el cambio de sem\u00e1foro rojo a\nnaranja en plena etapa de alto contagio en la entidad oaxaque\u00f1a, lo cual ha\nsido contraproducente y evidenciado por las cifras que han sido reportadas a\nnivel estatal durante esta semana.<\/p>\n\n\n\n<p>As\u00ed lo\ndio a conocer Eduardo Vivanco, quien reconoci\u00f3 la presi\u00f3n del gremio\nempresarial por regresar a las laborales ante la crisis econ\u00f3mica que ya exist\u00eda\nprevio a la pandemia y se ha ido incrementado, sin embargo, dijo que el regreso\na la \u201cnueva normalidad\u201d no cuenta con una estrategia clara y s\u00f3lo ocasionara\nm\u00e1s contagios en los pr\u00f3ximos d\u00edas.<\/p>\n\n\n\n<p>\u201cAntes\ndel Covid la econom\u00eda ya ven\u00eda en picada, ten\u00edamos un decrecimiento, el sector\nsalud estaba desmantelado y si entendemos que la pandemia le cae como anillo al\ndedo para justificar todo lo que no ha podido hacer y por eso pedimos su salida\ndel gobierno federal\u201d, refiri\u00f3.<\/p>\n\n\n\n<p>De\nacuerdo con el \u00faltimo reporte epidemiol\u00f3gico y derivado de la primera semana de\n\u00abnueva normalidad\u00bb Oaxaca cuenta con una cifra de siete mil 438\ncontagios y 714 defunciones.&nbsp; <\/p>\n\n\n\n<p>Eduardo\nVivanco explic\u00f3 que las protestas del FRENA son indefinidas y continuaran el\ntiempo que sea necesario para evidenciar los errores cometidos el mandatario\nfederal que se empe\u00f1a en hacer creer a la poblaci\u00f3n que se est\u00e1n tomando las\nmedidas necesarias para sacar al pa\u00eds de la crisis, cuando no es as\u00ed.<\/p>\n\n\n\n<p>Y aunque\nel movimiento FRENA ha sido duramente criticado por ligarlo a la \u00e9lite y clase\nconservadora, asegur\u00f3 que M\u00e9xico es un pa\u00eds democr\u00e1tico y por tanto cualquier\nciudadana o ciudadano por ley puede expresar su postura pol\u00edtica, a la par que\nneg\u00f3 que se trate de un grupo financiado por alg\u00fan partido pol\u00edtico.<\/p>\n\n\n\n<p>\u201cAqu\u00ed hay de todo: sociedad civil, gente apartidista, partidista, es la fortaleza de los ciudadanos libres\u201d, sentenci\u00f3. La caravana de alrededor de 20 veh\u00edculos, en su mayor\u00eda de reciente modelo, parti\u00f3 de la agencia de Pueblo Nuevo, al poniente de la capital oaxaque\u00f1a, y termin\u00f3 en el parque \u00abEl Llano\u00bb.<\/p>\n","protected":false},"excerpt":{"rendered":"<p>Evlin Arag\u00f3n\/Zona Roja. Oaxaca de Ju\u00e1rez, Oax., 11 de julio de 2020.- Como lo han&hellip;<\/p>\n","protected":false},"author":2,"featured_media":14899,"comment_status":"closed","ping_status":"open","sticky":false,"template":"","format":"standard","meta":{"_lmt_disableupdate":"","_lmt_disable":"","_jetpack_memberships_contains_paid_content":false,"footnotes":""},"categories":[109,47],"tags":[1823],"class_list":["post-14898","post","type-post","status-publish","format-standard","has-post-thumbnail","hentry","category-minuto-a-minuto","category-zona-gris","tag-frente-nacional-anti-amlo"],"jetpack_featured_media_url":"https:\/\/zonaroja.com.mx\/wp-content\/uploads\/2020\/07\/FRENA.jpg","jetpack_sharing_enabled":true,"_links":{"self":[{"href":"https:\/\/zonaroja.com.mx\/index.php?rest_route=\/wp\/v2\/posts\/14898","targetHints":{"allow":["GET"]}}],"collection":[{"href":"https:\/\/zonaroja.com.mx\/index.php?rest_route=\/wp\/v2\/posts"}],"about":[{"href":"https:\/\/zonaroja.com.mx\/index.php?rest_route=\/wp\/v2\/types\/post"}],"author":[{"embeddable":true,"href":"https:\/\/zonaroja.com.mx\/index.php?rest_route=\/wp\/v2\/users\/2"}],"replies":[{"embeddable":true,"href":"https:\/\/zonaroja.com.mx\/index.php?rest_route=%2Fwp%2Fv2%2Fcomments&post=14898"}],"version-history":[{"count":1,"href":"https:\/\/zonaroja.com.mx\/index.php?rest_route=\/wp\/v2\/posts\/14898\/revisions"}],"predecessor-version":[{"id":14900,"href":"https:\/\/zonaroja.com.mx\/index.php?rest_route=\/wp\/v2\/posts\/14898\/revisions\/14900"}],"wp:featuredmedia":[{"embeddable":true,"href":"https:\/\/zonaroja.com.mx\/index.php?rest_route=\/wp\/v2\/media\/14899"}],"wp:attachment":[{"href":"https:\/\/zonaroja.com.mx\/index.php?rest_route=%2Fwp%2Fv2%2Fmedia&parent=14898"}],"wp:term":[{"taxonomy":"category","embeddable":true,"href":"https:\/\/zonaroja.com.mx\/index.php?rest_route=%2Fwp%2Fv2%2Fcategories&post=14898"},{"taxonomy":"post_tag","embeddable":true,"href":"https:\/\/zonaroja.com.mx\/index.php?rest_route=%2Fwp%2Fv2%2Ftags&post=14898"}],"curies":[{"name":"wp","href":"https:\/\/api.w.org\/{rel}","templated":true}]}}