{"id":14902,"date":"2020-07-11T15:54:50","date_gmt":"2020-07-11T20:54:50","guid":{"rendered":"https:\/\/www.zonaroja.com.mx\/?p=14902"},"modified":"2020-07-11T15:54:53","modified_gmt":"2020-07-11T20:54:53","slug":"propone-diputada-que-servicio-social-sea-tomado-en-cuenta-como-experiencia-laboral","status":"publish","type":"post","link":"https:\/\/zonaroja.com.mx\/?p=14902","title":{"rendered":"Propone diputada que servicio social sea tomado en cuenta como experiencia laboral"},"content":{"rendered":"\n<p class=\"MsoNormal\">Redacci\u00f3n\/Zona Roja.&nbsp;<\/p>\n\n\n\n<p class=\"MsoNormal\">Oaxaca de Ju\u00e1rez, Oax., 11 de julio de 2020.- &nbsp;Con la finalidad de que&nbsp;el servicio social de los estudiantes sea considerado como experiencia laboral y que quienes formulen y ejecuten proyectos sociales altruistas en favor de su comunidad, sector o grupo vulnerable, o poblaci\u00f3n ind\u00edgena o afromexicana, sean exentos de dicha pr\u00e1ctica; la diputada local Magaly L\u00f3pez, present\u00f3 una iniciativa por la que se reforman diversos art\u00edculos de la Ley de Educaci\u00f3n Para el Estado Libre y Soberano de Oaxaca. &nbsp;<\/p>\n\n\n\n<p class=\"MsoNormal\">La legisladora de Morena expres\u00f3 que la finalidad es brindar nuevas herramientas y oportunidades a los y las estudiantes del nivel superior del estado de Oaxaca, la primera de ellas tiene que ver con reconocer el servicio social como experiencia laboral, ello facilitar\u00eda la obtenci\u00f3n de un primer empleo formal, bien remunerado y acorde a su perfil profesional.<\/p>\n\n\n\n<p class=\"MsoNormal\">\u201cEn nuestro estado las y los j\u00f3venes quieren trabajar, pero las oportunidades son nulas o escasas, por lo que al salir de la universidad o en a\u00f1os posteriores se enfrentan a una complicada situaci\u00f3n de desempleo, ya que no existe la suficiente oferta laboral para dar espacio a los y las profesionistas\u201d, destac\u00f3 Magaly L\u00f3pez.<\/p>\n\n\n\n<p class=\"MsoNormal\">Dijo que de acuerdo con la Organizaci\u00f3n Internacional del Trabajo (OIT) se estima que, como resultado del menor dinamismo de la econom\u00eda, en este a\u00f1o 2020 cerca de 172 mil personas se sumar\u00e1n a las filas del desempleo en M\u00e9xico, esta situaci\u00f3n que se extender\u00e1 hasta el 2021. As\u00ed entonces, los y las j\u00f3venes son un grupo poblacional en desventaja, que se enfrenta a un sin n\u00famero de restricciones y limitaciones, tanto para conseguir su primer empleo como para ascender en su carrera profesional.<\/p>\n\n\n\n<p class=\"MsoNormal\">Entre las causas de la falta de empleabilidad de los y las j\u00f3venes se encuentra que las empresas no desean contratar a personal que deben capacitar, que no tiene experiencia en el ramo, y que, ante la ausencia de un historial laboral, \u201ces necesario cerrar la brecha para transitar de ser estudiantes a convertirse en profesionales que aplican sus conocimientos, aprendizaje y habilidades en casos pr\u00e1cticos\u201d.&nbsp;<\/p>\n\n\n\n<p class=\"MsoNormal\">La presente iniciativa sostiene que, el trabajo de los y las j\u00f3venes es algo que concierne a toda la sociedad, pues no hay duda que la inestabilidad en el trabajo es inestabilidad en la vida, por lo que \u201cno basta con decirle a los y las j\u00f3venes que aseguren su propia subsistencia, que hagan emprendimientos, y que se capaciten, sino que hay que garantizarles los medios y facilitar herramientas para hacerlo\u201d, finaliz\u00f3. <\/p>\n","protected":false},"excerpt":{"rendered":"<p>Redacci\u00f3n\/Zona Roja.&nbsp; Oaxaca de Ju\u00e1rez, Oax., 11 de julio de 2020.- &nbsp;Con la finalidad de&hellip;<\/p>\n","protected":false},"author":2,"featured_media":14901,"comment_status":"closed","ping_status":"open","sticky":false,"template":"","format":"standard","meta":{"_lmt_disableupdate":"","_lmt_disable":"","_jetpack_memberships_contains_paid_content":false,"footnotes":""},"categories":[109,46],"tags":[192],"class_list":["post-14902","post","type-post","status-publish","format-standard","has-post-thumbnail","hentry","category-minuto-a-minuto","category-zona-blanca","tag-diputada-magaly-lopez-dominguez"],"jetpack_featured_media_url":"https:\/\/zonaroja.com.mx\/wp-content\/uploads\/2020\/07\/img_8194.jpg","jetpack_sharing_enabled":true,"_links":{"self":[{"href":"https:\/\/zonaroja.com.mx\/index.php?rest_route=\/wp\/v2\/posts\/14902","targetHints":{"allow":["GET"]}}],"collection":[{"href":"https:\/\/zonaroja.com.mx\/index.php?rest_route=\/wp\/v2\/posts"}],"about":[{"href":"https:\/\/zonaroja.com.mx\/index.php?rest_route=\/wp\/v2\/types\/post"}],"author":[{"embeddable":true,"href":"https:\/\/zonaroja.com.mx\/index.php?rest_route=\/wp\/v2\/users\/2"}],"replies":[{"embeddable":true,"href":"https:\/\/zonaroja.com.mx\/index.php?rest_route=%2Fwp%2Fv2%2Fcomments&post=14902"}],"version-history":[{"count":1,"href":"https:\/\/zonaroja.com.mx\/index.php?rest_route=\/wp\/v2\/posts\/14902\/revisions"}],"predecessor-version":[{"id":14903,"href":"https:\/\/zonaroja.com.mx\/index.php?rest_route=\/wp\/v2\/posts\/14902\/revisions\/14903"}],"wp:featuredmedia":[{"embeddable":true,"href":"https:\/\/zonaroja.com.mx\/index.php?rest_route=\/wp\/v2\/media\/14901"}],"wp:attachment":[{"href":"https:\/\/zonaroja.com.mx\/index.php?rest_route=%2Fwp%2Fv2%2Fmedia&parent=14902"}],"wp:term":[{"taxonomy":"category","embeddable":true,"href":"https:\/\/zonaroja.com.mx\/index.php?rest_route=%2Fwp%2Fv2%2Fcategories&post=14902"},{"taxonomy":"post_tag","embeddable":true,"href":"https:\/\/zonaroja.com.mx\/index.php?rest_route=%2Fwp%2Fv2%2Ftags&post=14902"}],"curies":[{"name":"wp","href":"https:\/\/api.w.org\/{rel}","templated":true}]}}