{"id":14904,"date":"2020-07-11T16:52:22","date_gmt":"2020-07-11T21:52:22","guid":{"rendered":"http:\/\/www.zonaroja.com.mx\/?p=14904"},"modified":"2020-07-11T16:52:30","modified_gmt":"2020-07-11T21:52:30","slug":"realizan-operativo-de-revision-en-reclusorio-estatal-de-tanivet","status":"publish","type":"post","link":"https:\/\/zonaroja.com.mx\/?p=14904","title":{"rendered":"Realizan operativo de revisi\u00f3n en reclusorio estatal de Tanivet"},"content":{"rendered":"\n<p>Redacci\u00f3n\/Zona\nRoja.<\/p>\n\n\n\n<p>Oaxaca de\nJu\u00e1rez, Oax. 11 de julio de 2020. La Secretar\u00eda de Seguridad P\u00fablica de Oaxaca\n(SSPO) inform\u00f3 que con el objetivo de mantener el orden y la legalidad al\ninterior del sistema penitenciario, a trav\u00e9s de la Subsecretar\u00eda de Prevenci\u00f3n\ny Reinserci\u00f3n Social se llev\u00f3 a cabo una revisi\u00f3n de rutina en el reclusorio varonil\nubicado en San Francisco Tanivet, Tlacolula.<\/p>\n\n\n\n<p>En un\ncomunicado, expuso que de acuerdo con los protocolos correspondientes, personal\nde seguridad y custodia se encarg\u00f3 de realizar las revisiones en cada uno de\nlos pabellones.<\/p>\n\n\n\n<p>A\u00f1adi\u00f3 que\nlas instalaciones fueron previamente sanitizadas, lo mismo que durante y\ndespu\u00e9s de dicha revisi\u00f3n, manteni\u00e9ndose las medidas sanitarias emitidas por\nlas autoridades del sector salud, para prevenir la propagaci\u00f3n y contagios de Covid-19.<\/p>\n\n\n\n<p>En el\noperativo particip\u00f3 personal de la Polic\u00eda Estatal, Polic\u00eda Vial Estatal y\nPolic\u00eda Auxiliar, Bancaria, Industrial y Comercial (PABIC), en coordinaci\u00f3n con\nla Secretar\u00eda de la Defensa Nacional (Sedena) y Guardia Nacional (GN).<\/p>\n\n\n\n<p>Agreg\u00f3\nque la SSPO mantiene firme el compromiso de impulsar un modelo de reinserci\u00f3n\nsocial basado en el estricto respeto a los derechos humanos de las personas privadas\nde libertad.<\/p>\n","protected":false},"excerpt":{"rendered":"<p>Redacci\u00f3n\/Zona Roja. Oaxaca de Ju\u00e1rez, Oax. 11 de julio de 2020. La Secretar\u00eda de Seguridad&hellip;<\/p>\n","protected":false},"author":2,"featured_media":14905,"comment_status":"closed","ping_status":"open","sticky":false,"template":"","format":"standard","meta":{"_lmt_disableupdate":"","_lmt_disable":"","_jetpack_memberships_contains_paid_content":false,"footnotes":""},"categories":[109,47],"tags":[1747],"class_list":["post-14904","post","type-post","status-publish","format-standard","has-post-thumbnail","hentry","category-minuto-a-minuto","category-zona-gris","tag-centro-de-reinsercion-social-de-san-francisco-tanivet"],"jetpack_featured_media_url":"https:\/\/zonaroja.com.mx\/wp-content\/uploads\/2020\/07\/Operativo-reclusorio-Tanivet.jpg","jetpack_sharing_enabled":true,"_links":{"self":[{"href":"https:\/\/zonaroja.com.mx\/index.php?rest_route=\/wp\/v2\/posts\/14904","targetHints":{"allow":["GET"]}}],"collection":[{"href":"https:\/\/zonaroja.com.mx\/index.php?rest_route=\/wp\/v2\/posts"}],"about":[{"href":"https:\/\/zonaroja.com.mx\/index.php?rest_route=\/wp\/v2\/types\/post"}],"author":[{"embeddable":true,"href":"https:\/\/zonaroja.com.mx\/index.php?rest_route=\/wp\/v2\/users\/2"}],"replies":[{"embeddable":true,"href":"https:\/\/zonaroja.com.mx\/index.php?rest_route=%2Fwp%2Fv2%2Fcomments&post=14904"}],"version-history":[{"count":1,"href":"https:\/\/zonaroja.com.mx\/index.php?rest_route=\/wp\/v2\/posts\/14904\/revisions"}],"predecessor-version":[{"id":14906,"href":"https:\/\/zonaroja.com.mx\/index.php?rest_route=\/wp\/v2\/posts\/14904\/revisions\/14906"}],"wp:featuredmedia":[{"embeddable":true,"href":"https:\/\/zonaroja.com.mx\/index.php?rest_route=\/wp\/v2\/media\/14905"}],"wp:attachment":[{"href":"https:\/\/zonaroja.com.mx\/index.php?rest_route=%2Fwp%2Fv2%2Fmedia&parent=14904"}],"wp:term":[{"taxonomy":"category","embeddable":true,"href":"https:\/\/zonaroja.com.mx\/index.php?rest_route=%2Fwp%2Fv2%2Fcategories&post=14904"},{"taxonomy":"post_tag","embeddable":true,"href":"https:\/\/zonaroja.com.mx\/index.php?rest_route=%2Fwp%2Fv2%2Ftags&post=14904"}],"curies":[{"name":"wp","href":"https:\/\/api.w.org\/{rel}","templated":true}]}}