{"id":14912,"date":"2020-07-12T08:06:43","date_gmt":"2020-07-12T13:06:43","guid":{"rendered":"http:\/\/www.zonaroja.com.mx\/?p=14912"},"modified":"2020-07-11T20:55:04","modified_gmt":"2020-07-12T01:55:04","slug":"llama-horacio-sosa-a-una-transformacion-radical-del-sistema-juridico","status":"publish","type":"post","link":"https:\/\/zonaroja.com.mx\/?p=14912","title":{"rendered":"Llama Horacio Sosa a una transformaci\u00f3n radical del sistema jur\u00eddico"},"content":{"rendered":"\n<p>Redacci\u00f3n\/Zona\nRoja.<\/p>\n\n\n\n<p>Oaxaca de\nJu\u00e1rez, Oax., 12 de julio de 2020.- En un contexto donde la desigualdad social\ny la miseria siguen en aumento; en donde las c\u00e1rceles est\u00e1n llenas de gente\npobre, los conflictos lim\u00edtrofes se dirimen con balas, en el que las mujeres\nson asesinadas por ser mujeres, y en el que&nbsp;\nlos j\u00f3venes ven a los sicarios como el ejemplo a seguir, es importante\nanalizar y volver a cuestionar sobre el sistema jur\u00eddico.<\/p>\n\n\n\n<p>Fundamental\ntambi\u00e9n observar si el problema es solamente su ejecuci\u00f3n o se trata de asuntos\ninherentes al sistema, afirm\u00f3 el presidente de la Junta de Coordinaci\u00f3n\nPol\u00edtica del Congreso de Oaxaca, Horacio Sosa, en el marco de la conmemoraci\u00f3n\ndel D\u00eda de la Abogada y el Abogado.<\/p>\n\n\n\n<p>El\nlegislador del Partido Morena particip\u00f3 el fin de semana en el encuentro\nvirtual convocado por la Universidad Aut\u00f3noma \u201cBenito Ju\u00e1rez\u201d de Oaxaca, en que\ndestac\u00f3 que este tipo de acciones sirven como un espacio de reflexi\u00f3n acerca\ndel oficio de las abogadas y abogados y el Estado de Derecho en el nuevo\ncontexto pol\u00edtico de nuestro pa\u00eds.<\/p>\n\n\n\n<p>Refiri\u00f3\nque \u201cel Estado de Derecho implica una cultura de la legalidad democr\u00e1tica, es\ndecir, que las ciudadanas y los ciudadanos interioricen el respeto a las\nnormas, lo que permite la administraci\u00f3n del poder desde instituciones s\u00f3lidas,\ne implica tambi\u00e9n que estas instituciones act\u00faan para garantizar el efectivo\nimperio de la ley.<\/p>\n\n\n\n<p>\u201cMe\nparece importante que nuestra reflexi\u00f3n vaya al inicio del planteamiento, y nos\npreguntemos si realmente nuestro sistema jur\u00eddico y el dise\u00f1o mismo de nuestras\ninstituciones sirven realmente para materializar el ejercicio de los derechos y\nlas libertades de las personas que conforman el conjunto social\u201d, manifest\u00f3\nHoracio Sosa.<\/p>\n\n\n\n<p>En este\nsentido, dijo que habr\u00e1 que cuestionarnos si el que pr\u00e1cticamente sea imposible\nla orden de aprehensi\u00f3n, el juicio pol\u00edtico o la revocaci\u00f3n de mandato a un\nfuncionario, obedece a la pulcritud de nuestros funcionarios, o por el\ncontrario a la ampl\u00edsima corrupci\u00f3n, o a que el sistema jur\u00eddico est\u00e1 dise\u00f1ado\npara funcionar de esa manera.<\/p>\n\n\n\n<p>\u201cQuiero\ninvitarles, quiero llamarles, a que desde sus espacios acad\u00e9micos analicemos en\nconjunto con el Poder Legislativo la posibilidad de transformaciones radicales\na nuestro sistema jur\u00eddico, que permitan esbozar al menos la sociedad que\nqueremos dejar para nuestras hijas y nuestros hijos\u201d, finaliz\u00f3.<\/p>\n\n\n\n<p>En el\nencuentro virtual participaron el gobernador Alejandro Murat, el senador\nSalom\u00f3n Jara y el rector de la UABJO, Eduardo Bautista Mart\u00ednez.<\/p>\n","protected":false},"excerpt":{"rendered":"<p>Redacci\u00f3n\/Zona Roja. Oaxaca de Ju\u00e1rez, Oax., 12 de julio de 2020.- En un contexto donde&hellip;<\/p>\n","protected":false},"author":2,"featured_media":11950,"comment_status":"closed","ping_status":"open","sticky":false,"template":"","format":"standard","meta":{"_lmt_disableupdate":"","_lmt_disable":"","_jetpack_memberships_contains_paid_content":false,"footnotes":""},"categories":[109,46],"tags":[444],"class_list":["post-14912","post","type-post","status-publish","format-standard","has-post-thumbnail","hentry","category-minuto-a-minuto","category-zona-blanca","tag-horacio-sosa-villavicencio"],"jetpack_featured_media_url":"https:\/\/zonaroja.com.mx\/wp-content\/uploads\/2020\/05\/Image-1-59.png","jetpack_sharing_enabled":true,"_links":{"self":[{"href":"https:\/\/zonaroja.com.mx\/index.php?rest_route=\/wp\/v2\/posts\/14912","targetHints":{"allow":["GET"]}}],"collection":[{"href":"https:\/\/zonaroja.com.mx\/index.php?rest_route=\/wp\/v2\/posts"}],"about":[{"href":"https:\/\/zonaroja.com.mx\/index.php?rest_route=\/wp\/v2\/types\/post"}],"author":[{"embeddable":true,"href":"https:\/\/zonaroja.com.mx\/index.php?rest_route=\/wp\/v2\/users\/2"}],"replies":[{"embeddable":true,"href":"https:\/\/zonaroja.com.mx\/index.php?rest_route=%2Fwp%2Fv2%2Fcomments&post=14912"}],"version-history":[{"count":1,"href":"https:\/\/zonaroja.com.mx\/index.php?rest_route=\/wp\/v2\/posts\/14912\/revisions"}],"predecessor-version":[{"id":14913,"href":"https:\/\/zonaroja.com.mx\/index.php?rest_route=\/wp\/v2\/posts\/14912\/revisions\/14913"}],"wp:featuredmedia":[{"embeddable":true,"href":"https:\/\/zonaroja.com.mx\/index.php?rest_route=\/wp\/v2\/media\/11950"}],"wp:attachment":[{"href":"https:\/\/zonaroja.com.mx\/index.php?rest_route=%2Fwp%2Fv2%2Fmedia&parent=14912"}],"wp:term":[{"taxonomy":"category","embeddable":true,"href":"https:\/\/zonaroja.com.mx\/index.php?rest_route=%2Fwp%2Fv2%2Fcategories&post=14912"},{"taxonomy":"post_tag","embeddable":true,"href":"https:\/\/zonaroja.com.mx\/index.php?rest_route=%2Fwp%2Fv2%2Ftags&post=14912"}],"curies":[{"name":"wp","href":"https:\/\/api.w.org\/{rel}","templated":true}]}}