{"id":14914,"date":"2020-07-11T21:14:27","date_gmt":"2020-07-12T02:14:27","guid":{"rendered":"http:\/\/www.zonaroja.com.mx\/?p=14914"},"modified":"2020-07-11T22:30:40","modified_gmt":"2020-07-12T03:30:40","slug":"en-el-istmo-siguen-los-asesinatos-otro-individuo-ultimado-a-balazos","status":"publish","type":"post","link":"https:\/\/zonaroja.com.mx\/?p=14914","title":{"rendered":"En el Istmo siguen los asesinatos; ayer tres y hoy uno"},"content":{"rendered":"\n<p>Redacci\u00f3n\/Zona\nRoja.<\/p>\n\n\n\n<p>Oaxaca de Ju\u00e1rez, Oax., 11 de julio de 2020.- Los asesinatos no paran en la regi\u00f3n del Istmo de Tehuantepec.<\/p>\n\n\n\n<p>Esta noche, una persona del sexo masculino a\u00fan no identificada, fue ejecutada en el interior de su veh\u00edculo tipo Atos, cerca del mercado \u201cChe\u201d G\u00f3mez de la Primera Secci\u00f3n de Juchit\u00e1n de Zaragoza; <\/p>\n\n\n\n<p>Ayer, adem\u00e1s de las tres personas asesinadas en dos hechos distintos en Asunci\u00f3n Ixtaltepec, en jurisdicci\u00f3n de Santo Domingo Tehuantepec se suscit\u00f3 un ataque armado con saldo de una persona del sexo masculino fallecida.<\/p>\n\n\n\n<p>Poco despu\u00e9s de las 22:00 horas se registr\u00f3  el ataque a los ocupantes de una camioneta color gris, con placas de circulaci\u00f3n MLZ-13-08 del Estado de M\u00e9xico, en cuyo interior qued\u00f3 el cuerpo de un individuo, con un disparo en la cabeza.<\/p>\n\n\n\n<p>Los hechos sucedieron sobre la supercarretera 185D, Salina Cruz-La Ventosa, en inmediaciones del puente denominado \u201cCaracol\u201d de acceso a Tehuantepec y cerca del entronque a Santa Mar\u00eda Mixtequilla.<\/p>\n\n\n\n<p>Hasta este s\u00e1bado el occiso permanece en calidad de desconocido y personal de la Vicefiscal\u00eda Regional del Istmo a\u00fan no cuenta con pistas del o los probables agresores.<\/p>\n\n\n\n<p>EJECUTADOS\nEN IXTALTEPEC<\/p>\n\n\n\n<p>Por otra\nparte, los dos ejecutados ayer en La Mata, Asunci\u00f3n Ixtaltepec, fueron\nidentificados legalmente, de acuerdo con reportes internos de la Vicefiscal\u00eda\nRegional del Istmo.<\/p>\n\n\n\n<p>Se trata\nde Jos\u00e9 Juan S. M., alias \u00abChe Juan\u00bb, y Alejandro R. A., conocido\ncomo \u00abLa Chinche\u00bb, ambos originarios de Ixtaltepec.<\/p>\n\n\n\n<p>Se\nconfirm\u00f3 adem\u00e1s que presentaban huellas de tortura y el tiro de gracia en la\nfrente; no obstante, hasta el momento no se ha identificado ni detenido a los\nagresores.<\/p>\n","protected":false},"excerpt":{"rendered":"<p>Redacci\u00f3n\/Zona Roja. Oaxaca de Ju\u00e1rez, Oax., 11 de julio de 2020.- Los asesinatos no paran&hellip;<\/p>\n","protected":false},"author":2,"featured_media":8063,"comment_status":"closed","ping_status":"open","sticky":false,"template":"","format":"standard","meta":{"_lmt_disableupdate":"","_lmt_disable":"","_jetpack_memberships_contains_paid_content":false,"footnotes":""},"categories":[109,51],"tags":[125],"class_list":["post-14914","post","type-post","status-publish","format-standard","has-post-thumbnail","hentry","category-minuto-a-minuto","category-zona-roja","tag-santo-domingo-tehuantepec"],"jetpack_featured_media_url":"https:\/\/zonaroja.com.mx\/wp-content\/uploads\/2020\/01\/crimen-balazos.jpg","jetpack_sharing_enabled":true,"_links":{"self":[{"href":"https:\/\/zonaroja.com.mx\/index.php?rest_route=\/wp\/v2\/posts\/14914","targetHints":{"allow":["GET"]}}],"collection":[{"href":"https:\/\/zonaroja.com.mx\/index.php?rest_route=\/wp\/v2\/posts"}],"about":[{"href":"https:\/\/zonaroja.com.mx\/index.php?rest_route=\/wp\/v2\/types\/post"}],"author":[{"embeddable":true,"href":"https:\/\/zonaroja.com.mx\/index.php?rest_route=\/wp\/v2\/users\/2"}],"replies":[{"embeddable":true,"href":"https:\/\/zonaroja.com.mx\/index.php?rest_route=%2Fwp%2Fv2%2Fcomments&post=14914"}],"version-history":[{"count":3,"href":"https:\/\/zonaroja.com.mx\/index.php?rest_route=\/wp\/v2\/posts\/14914\/revisions"}],"predecessor-version":[{"id":14920,"href":"https:\/\/zonaroja.com.mx\/index.php?rest_route=\/wp\/v2\/posts\/14914\/revisions\/14920"}],"wp:featuredmedia":[{"embeddable":true,"href":"https:\/\/zonaroja.com.mx\/index.php?rest_route=\/wp\/v2\/media\/8063"}],"wp:attachment":[{"href":"https:\/\/zonaroja.com.mx\/index.php?rest_route=%2Fwp%2Fv2%2Fmedia&parent=14914"}],"wp:term":[{"taxonomy":"category","embeddable":true,"href":"https:\/\/zonaroja.com.mx\/index.php?rest_route=%2Fwp%2Fv2%2Fcategories&post=14914"},{"taxonomy":"post_tag","embeddable":true,"href":"https:\/\/zonaroja.com.mx\/index.php?rest_route=%2Fwp%2Fv2%2Ftags&post=14914"}],"curies":[{"name":"wp","href":"https:\/\/api.w.org\/{rel}","templated":true}]}}