{"id":14917,"date":"2020-07-11T21:29:49","date_gmt":"2020-07-12T02:29:49","guid":{"rendered":"http:\/\/www.zonaroja.com.mx\/?p=14917"},"modified":"2020-07-11T21:29:55","modified_gmt":"2020-07-12T02:29:55","slug":"cierra-sabado-de-nueva-normalidad-con-15-muertos-y-171-positivos","status":"publish","type":"post","link":"https:\/\/zonaroja.com.mx\/?p=14917","title":{"rendered":"Cierra s\u00e1bado de \u201cnueva normalidad\u201d con 15 muertos y 171 positivos"},"content":{"rendered":"\n<p>Redacci\u00f3n\/Zona\nRoja.<\/p>\n\n\n\n<p>Oaxaca de\nJu\u00e1rez, Oax., 11 de julio de 2020.- Por sexto d\u00eda consecutivo en la primera\nsemana de \u201cnueva normalidad\u201d, en Oaxaca se present\u00f3 un alto n\u00famero de contagios\ny fallecimientos por Covid-19.<\/p>\n\n\n\n<p>De acuerdo con el bolet\u00edn de los Servicios de Salud de Oaxaca (SSO), suman siete mil 609 pacientes que han dado positivos a la prueba del coronavirus, 171 de ellos en las \u00faltimas 24 horas, as\u00ed como 729 decesos, 15 m\u00e0s que ayer.<\/p>\n\n\n\n<p>Los\nmunicipios que presentaron el mayor n\u00famero de contagios durante el \u00faltimo corte\nson: San Juan Bautista Tuxtepec con 47 reportes, Oaxaca de Ju\u00e1rez con 22, Santa\nCruz Xoxocotl\u00e1n con ocho, San Pedro Mixtepec con siete e igual cantidad Loma\nBonita, por mencionar algunos.<\/p>\n\n\n\n<p>La\ndependencia detall\u00f3 que existen mil 089 personas sospechosas a la enfermedad, y\nafortunadamente seis mil 093 oaxaque\u00f1as y oaxaque\u00f1os se han recuperado de la\ninfecci\u00f3n.<\/p>\n\n\n\n<p>Mientras\nque los datos del n\u00famero de pacientes que han sido confirmados por Covid-19 en\nlos \u00faltimos 14 d\u00edas, se\u00f1al\u00f3 que son 787, ubicados en Valles Centrales con 449\ncontagios activos, seguido de Tuxtepec con 149, la Mixteca con 73, el Istmo con\n61, la Costa presenta 39, y la Sierra (Norte) registr\u00f3 16 casos en etapa de\ncontagio.<\/p>\n\n\n\n<p>Precis\u00f3\nque al corte de este s\u00e1bado, se tiene el 47.5% de disponibilidad hospitalaria,\n52.3% corresponde a camas de observaci\u00f3n y 36% con asistencia ventilatoria. A\nlo largo de la emergencia sanitaria mil 886 pacientes han requerido atenci\u00f3n en\nuna unidad hospitalaria y cinco mil 723 han sido ambulatorios.<\/p>\n\n\n\n<p>Mencion\u00f3\nque el territorio oaxaque\u00f1o al estar en el sem\u00e1foro naranja que significa de\n\u201calto riesgo\u201d, debe haber una corresponsabilidad social y gubernamental para\nevitar la propagaci\u00f3n del virus.<\/p>\n\n\n\n<p>Ante lo\ncual, insisti\u00f3 en el llamado para que la poblaci\u00f3n no relaje las medidas\nsanitarias, ya que \u201cel riesgo de contagio es para todos\u201d \u2013dijo- y exhort\u00f3 a las\ny los propietarios de comercios, llevar cabalmente los lineamientos\nestablecidos por el sector Salud, para evitar poner en riesgo el bienestar de\nlas personas que acuden a los establecimientos.<\/p>\n","protected":false},"excerpt":{"rendered":"<p>Redacci\u00f3n\/Zona Roja. Oaxaca de Ju\u00e1rez, Oax., 11 de julio de 2020.- Por sexto d\u00eda consecutivo&hellip;<\/p>\n","protected":false},"author":2,"featured_media":14918,"comment_status":"closed","ping_status":"open","sticky":false,"template":"","format":"standard","meta":{"_lmt_disableupdate":"","_lmt_disable":"","_jetpack_memberships_contains_paid_content":false,"footnotes":""},"categories":[109,47],"tags":[1512],"class_list":["post-14917","post","type-post","status-publish","format-standard","has-post-thumbnail","hentry","category-minuto-a-minuto","category-zona-gris","tag-coronavirus-oaxaca"],"jetpack_featured_media_url":"https:\/\/zonaroja.com.mx\/wp-content\/uploads\/2020\/07\/SSO-2-1.jpeg","jetpack_sharing_enabled":true,"_links":{"self":[{"href":"https:\/\/zonaroja.com.mx\/index.php?rest_route=\/wp\/v2\/posts\/14917","targetHints":{"allow":["GET"]}}],"collection":[{"href":"https:\/\/zonaroja.com.mx\/index.php?rest_route=\/wp\/v2\/posts"}],"about":[{"href":"https:\/\/zonaroja.com.mx\/index.php?rest_route=\/wp\/v2\/types\/post"}],"author":[{"embeddable":true,"href":"https:\/\/zonaroja.com.mx\/index.php?rest_route=\/wp\/v2\/users\/2"}],"replies":[{"embeddable":true,"href":"https:\/\/zonaroja.com.mx\/index.php?rest_route=%2Fwp%2Fv2%2Fcomments&post=14917"}],"version-history":[{"count":1,"href":"https:\/\/zonaroja.com.mx\/index.php?rest_route=\/wp\/v2\/posts\/14917\/revisions"}],"predecessor-version":[{"id":14919,"href":"https:\/\/zonaroja.com.mx\/index.php?rest_route=\/wp\/v2\/posts\/14917\/revisions\/14919"}],"wp:featuredmedia":[{"embeddable":true,"href":"https:\/\/zonaroja.com.mx\/index.php?rest_route=\/wp\/v2\/media\/14918"}],"wp:attachment":[{"href":"https:\/\/zonaroja.com.mx\/index.php?rest_route=%2Fwp%2Fv2%2Fmedia&parent=14917"}],"wp:term":[{"taxonomy":"category","embeddable":true,"href":"https:\/\/zonaroja.com.mx\/index.php?rest_route=%2Fwp%2Fv2%2Fcategories&post=14917"},{"taxonomy":"post_tag","embeddable":true,"href":"https:\/\/zonaroja.com.mx\/index.php?rest_route=%2Fwp%2Fv2%2Ftags&post=14917"}],"curies":[{"name":"wp","href":"https:\/\/api.w.org\/{rel}","templated":true}]}}