{"id":14921,"date":"2020-07-12T08:13:24","date_gmt":"2020-07-12T13:13:24","guid":{"rendered":"http:\/\/www.zonaroja.com.mx\/?p=14921"},"modified":"2020-07-12T08:13:28","modified_gmt":"2020-07-12T13:13:28","slug":"impunes-taxistas-de-catem-chocan-bloquean-agreden-y-no-pasa-nada","status":"publish","type":"post","link":"https:\/\/zonaroja.com.mx\/?p=14921","title":{"rendered":"Impunes taxistas de CATEM: chocan, bloquean, agreden y no pasa nada"},"content":{"rendered":"\n<p>Redacci\u00f3n\/Zona\nRoja.<\/p>\n\n\n\n<p>Oaxaca de\nJu\u00e1rez, Oax., 12 de julio de 2020.- Tras el choque de una unidad de alquiler\ncon un particular, taxistas afiliados a la Confederaci\u00f3n Aut\u00f3noma de\nTrabajadores y Empleados de M\u00e9xico (CATEM), protagonizaron ayer bloqueos a\nvialidades y oficinas en la capital de Oaxaca, as\u00ed como agresiones a ciudadanos\ny no hubo detenidos.<\/p>\n\n\n\n<p>Fue\nalrededor de las 19:30 horas en que una unidad de motor del sito \u201cTal\u00e1n\u201d de\nMagdalena Apasco, Etla, sin placas y sin n\u00famero econ\u00f3mico, presuntamente se\npas\u00f3 un sem\u00e1foro en rojo y choc\u00f3 con un veh\u00edculo particular, tipo Jetta, marca\nVolkswagen, con placas de circulaci\u00f3n MZF-13 53 del Estado de M\u00e9xico.<\/p>\n\n\n\n<p>En el percance ocurrido en la v\u00eda federal 190, en inmediaciones del monumento a la Madre de la ciudad de Oaxaca, de la unidad de alquiler resultaron lesionados al menos cinco personas, entre ellas el chofer.<\/p>\n\n\n\n<figure class=\"wp-block-embed-twitter wp-block-embed is-type-rich is-provider-twitter\"><div class=\"wp-block-embed__wrapper\">\n<div class=\"twitter-tweet\"><blockquote class=\"twitter-tweet\" data-lang=\"es\"><p lang=\"es\" dir=\"ltr\"><a href=\"https:\/\/twitter.com\/hashtag\/%C3%9AltimoMinuto?src=hash&amp;ref_src=twsrc%5Etfw\">#\u00daltimoMinuto<\/a> <br>Varios casquillos percutidos fueron hallados en zona del percance entre taxi for\u00e1neo y un particular; la <a href=\"https:\/\/twitter.com\/SSP_GobOax?ref_src=twsrc%5Etfw\">@SSP_GobOax<\/a> se deslind\u00f3 de participar de los hechos en la capital de Oaxaca; el chofer del taxi inform\u00f3 que fueron elementos de <a href=\"https:\/\/twitter.com\/MunicipioSeguro?ref_src=twsrc%5Etfw\">@MunicipioSeguro<\/a> los agresores. <a href=\"https:\/\/t.co\/rnA1j5ZdHz\">pic.twitter.com\/rnA1j5ZdHz<\/a><\/p>&mdash; Zona Roja Oaxaca (@MexRoja) <a href=\"https:\/\/twitter.com\/MexRoja\/status\/1282165421463015424?ref_src=twsrc%5Etfw\">12 de julio de 2020<\/a><\/blockquote><\/div>\n<\/div><\/figure>\n\n\n\n<p>Tras ello\nde inmediato arribaron decenas de ruleteros de sitios for\u00e1neos, afiliados a\nCATEM, quienes agredieron al chofer del veh\u00edculo particular al considerar que\nera el culpable y no quer\u00eda pagar; elementos de la Polic\u00eda Municipal tambi\u00e9n\narribaron al sitio para mediar pero tambi\u00e9n fueron agredidos.<\/p>\n\n\n\n<p>M\u00e1s\nuniformados municipales arribaron al sitio pero para despejar a los taxistas,\ndispararon al aire; ello irrit\u00f3 a los transportistas, que bloquearon vialidades\nen inmediaciones del monumento.<\/p>\n\n\n\n<p>Luego de varias discusiones y sin acuerdos, los taxista de la CATEM bloquearon accesos a la supercarretera Oaxaca-M\u00e9xico, en jurisdicci\u00f3n de San Pablo, Etla, y posteriormente la calle Morelos del centro de la ciudad de Oaxaca, donde se ubica el cuartel de la Polic\u00eda Municipal, protestas que retiraron cerca de la media noche.<\/p>\n\n\n\n<figure class=\"wp-block-embed-twitter wp-block-embed is-type-rich is-provider-twitter\"><div class=\"wp-block-embed__wrapper\">\n<div class=\"twitter-tweet\"><blockquote class=\"twitter-tweet\" data-lang=\"es\"><p lang=\"es\" dir=\"ltr\"><a href=\"https:\/\/twitter.com\/hashtag\/%C3%9AltimoMinuto?src=hash&amp;ref_src=twsrc%5Etfw\">#\u00daltimoMinuto<\/a> <br>Este es el momento preciso en que ocurren los disparos de arma de fuego, con la presencia de polic\u00edas, en el crucero del monumento a la Madre de la capital oaxaque\u00f1a, tras un percance con un taxi; ruletero afiliados a <a href=\"https:\/\/twitter.com\/CatemNacional?ref_src=twsrc%5Etfw\">@CatemNacional<\/a> llegaron al sitio y bloquearon. <a href=\"https:\/\/t.co\/GdHJAho9PK\">pic.twitter.com\/GdHJAho9PK<\/a><\/p>&mdash; Zona Roja Oaxaca (@MexRoja) <a href=\"https:\/\/twitter.com\/MexRoja\/status\/1282129189114728448?ref_src=twsrc%5Etfw\">12 de julio de 2020<\/a><\/blockquote><\/div>\n<\/div><\/figure>\n\n\n\n<p>Previo a\nello, en el bloqueo en el contorno al monumento a la Madre, los taxistas\ngolpearon a un joven quien pretend\u00eda pasar a bordo de su motocicleta.<\/p>\n\n\n\n<p>Por los\nhechos presuntamente hay una persona detenida por parte de la Polic\u00eda\nMunicipal, sin embargo, no hay informaci\u00f3n oficial que lo corrobore.<\/p>\n","protected":false},"excerpt":{"rendered":"<p>Redacci\u00f3n\/Zona Roja. Oaxaca de Ju\u00e1rez, Oax., 12 de julio de 2020.- Tras el choque de&hellip;<\/p>\n","protected":false},"author":2,"featured_media":14922,"comment_status":"closed","ping_status":"open","sticky":false,"template":"","format":"standard","meta":{"_lmt_disableupdate":"","_lmt_disable":"","_jetpack_memberships_contains_paid_content":false,"footnotes":""},"categories":[109,47],"tags":[1069],"class_list":["post-14921","post","type-post","status-publish","format-standard","has-post-thumbnail","hentry","category-minuto-a-minuto","category-zona-gris","tag-confederacion-autonoma-de-trabajadores-y-empleados-de-mexico-catem"],"jetpack_featured_media_url":"https:\/\/zonaroja.com.mx\/wp-content\/uploads\/2020\/07\/Choque-taxi-ciudad-de-Oaxaca.jpg","jetpack_sharing_enabled":true,"_links":{"self":[{"href":"https:\/\/zonaroja.com.mx\/index.php?rest_route=\/wp\/v2\/posts\/14921","targetHints":{"allow":["GET"]}}],"collection":[{"href":"https:\/\/zonaroja.com.mx\/index.php?rest_route=\/wp\/v2\/posts"}],"about":[{"href":"https:\/\/zonaroja.com.mx\/index.php?rest_route=\/wp\/v2\/types\/post"}],"author":[{"embeddable":true,"href":"https:\/\/zonaroja.com.mx\/index.php?rest_route=\/wp\/v2\/users\/2"}],"replies":[{"embeddable":true,"href":"https:\/\/zonaroja.com.mx\/index.php?rest_route=%2Fwp%2Fv2%2Fcomments&post=14921"}],"version-history":[{"count":1,"href":"https:\/\/zonaroja.com.mx\/index.php?rest_route=\/wp\/v2\/posts\/14921\/revisions"}],"predecessor-version":[{"id":14923,"href":"https:\/\/zonaroja.com.mx\/index.php?rest_route=\/wp\/v2\/posts\/14921\/revisions\/14923"}],"wp:featuredmedia":[{"embeddable":true,"href":"https:\/\/zonaroja.com.mx\/index.php?rest_route=\/wp\/v2\/media\/14922"}],"wp:attachment":[{"href":"https:\/\/zonaroja.com.mx\/index.php?rest_route=%2Fwp%2Fv2%2Fmedia&parent=14921"}],"wp:term":[{"taxonomy":"category","embeddable":true,"href":"https:\/\/zonaroja.com.mx\/index.php?rest_route=%2Fwp%2Fv2%2Fcategories&post=14921"},{"taxonomy":"post_tag","embeddable":true,"href":"https:\/\/zonaroja.com.mx\/index.php?rest_route=%2Fwp%2Fv2%2Ftags&post=14921"}],"curies":[{"name":"wp","href":"https:\/\/api.w.org\/{rel}","templated":true}]}}