{"id":14924,"date":"2020-07-12T08:19:07","date_gmt":"2020-07-12T13:19:07","guid":{"rendered":"http:\/\/www.zonaroja.com.mx\/?p=14924"},"modified":"2020-07-12T08:19:09","modified_gmt":"2020-07-12T13:19:09","slug":"violencia-no-esta-en-cuarentena-feministas-en-oaxaca-exigen-alto-a-feminicidios","status":"publish","type":"post","link":"https:\/\/zonaroja.com.mx\/?p=14924","title":{"rendered":"Violencia no est\u00e1 en cuarentena, feministas en Oaxaca exigen alto a feminicidios"},"content":{"rendered":"\n<p>Evlin\nArag\u00f3n\/Zona Roja.<\/p>\n\n\n\n<p>Oaxaca de\nJu\u00e1rez, Oax., 12 de julio de 2020.- \u201cEstamos hartas de la impunidad con la que\nlas mujeres somos despojadas de sue\u00f1os, de proyectos y de nuestra propia vida\u201d,\nrefiere el reciente comunicado emitido por \u201cLa madriguera\u201d, c\u00edrculo de mujeres,\nante el n\u00famero de feminicidios en la entidad oaxaque\u00f1a que no deja de crecer.<\/p>\n\n\n\n<p>En un\ncomunicado que publicaron en sus redes sociales, aseguraron que el hartazgo que\nviven actualmente tambi\u00e9n es derivado de una sociedad que minimiza la violencia\ny un gobierno que se empe\u00f1a en simular, se apropia de los discursos feministas,\npero no act\u00faa para garantizar el derecho de las mujeres a una vida libre de\nviolencia.<\/p>\n\n\n\n<p>\u201cSer\nmujer aqu\u00ed, en la tierra donde \u2018Dios nunca muere\u2019, significa que nosotras\nmorimos todos los d\u00edas. Morimos en F\u00e1tima, en Itzel, en Isabel, en Cassandra,\nen Virginia, en Julia, morimos en Mar\u00eda Concepci\u00f3n y su beb\u00e9&#8230;\u201d, manifestaron.<\/p>\n\n\n\n<p>En el\ndocumento, lamentaron que la violencia no est\u00e9 en cuarentena, al grado que las\nviolaciones, la tortura y los feminicidios contin\u00faan, prueba de ello la cifras\nque refieren organizaciones como GesMujer y Consorcio Oaxaca que registran 445\nfeminicidios en lo que va de la administraci\u00f3n de Alejandro Murat y m\u00e1s de 30\ndurante la contingencia sanitaria.<\/p>\n\n\n\n<p>Lejos de\nemitir exigencias a las autoridades estatales, las integrantes de la \u00abLa\nmadriguera\u00bb se declararon en resistencia ante la evidente omisi\u00f3n por\nparte de las diferentes dependencias de gobierno encargadas de garantizar\nseguridad y acceso a la justicia a las mujeres y a la poblaci\u00f3n en general. <\/p>\n\n\n\n<p>\u201cEn medio\nde la crisis mundial y sus desigualdades, resistamos en madrigueras;\ncomparti\u00e9ndonos, abraz\u00e1ndonos, gritando y defendi\u00e9ndonos JUNTAS. PORQUE JUNTAS\nSOMOS M\u00c1S FUERTES Y JUNTAS EXIGIMOS \u00a1NI UNA M\u00c1S! \u00a1NI UNA ASESINADA M\u00c1S!\u201d.<\/p>\n\n\n\n<p>No ha\nsido el \u00fanico pronunciamiento, ya que recientemente el colectivo Feministas\nOaxaca cuestion\u00f3 que el gobierno celebrara con bombo y platillo el nombramiento\nde la ciudad oaxaque\u00f1a como la mejor del mundo, y por el contrario no atienda\nlos diferentes llamados realizados por activistas que exigen un alto definitivo\na la violencia feminicida en la entidad.<\/p>\n\n\n\n<p>\u201cEn\nOaxaca, en las calles, escuelas, trabajo, transporte p\u00fablico y casa las ni\u00f1as y\nmujeres son violentadas todos los d\u00edas a todas horas. En Oaxaca existe\nimpunidad para los violadores y feminicidas. #OaxacaEstadoFeminicida no es un\nlugar seguro para las ni\u00f1as, ni\u00f1os y mujeres\u201d, publicaron en sus redes.<\/p>\n\n\n\n<p>Recordaron\nque no quieren Guelaguetza, sino ver a sus hermanas y compa\u00f1eras volver a casa\nde forma segura, frase que han impulsado en las redes sociales como un hashtag\nde protesta ante el inter\u00e9s de las autoridades por realizar la festividad anual\npese a las diferentes problem\u00e1ticas que enfrenta la poblaci\u00f3n oaxaque\u00f1a, d\nforma particular las mujeres. <\/p>\n","protected":false},"excerpt":{"rendered":"<p>Evlin Arag\u00f3n\/Zona Roja. Oaxaca de Ju\u00e1rez, Oax., 12 de julio de 2020.- \u201cEstamos hartas de&hellip;<\/p>\n","protected":false},"author":2,"featured_media":9613,"comment_status":"closed","ping_status":"open","sticky":false,"template":"","format":"standard","meta":{"_lmt_disableupdate":"","_lmt_disable":"","_jetpack_memberships_contains_paid_content":false,"footnotes":""},"categories":[109,47],"tags":[610],"class_list":["post-14924","post","type-post","status-publish","format-standard","has-post-thumbnail","hentry","category-minuto-a-minuto","category-zona-gris","tag-feminicidios-oaxaca"],"jetpack_featured_media_url":"https:\/\/zonaroja.com.mx\/wp-content\/uploads\/2020\/03\/Feminicidios-Oaxaca.png","jetpack_sharing_enabled":true,"_links":{"self":[{"href":"https:\/\/zonaroja.com.mx\/index.php?rest_route=\/wp\/v2\/posts\/14924","targetHints":{"allow":["GET"]}}],"collection":[{"href":"https:\/\/zonaroja.com.mx\/index.php?rest_route=\/wp\/v2\/posts"}],"about":[{"href":"https:\/\/zonaroja.com.mx\/index.php?rest_route=\/wp\/v2\/types\/post"}],"author":[{"embeddable":true,"href":"https:\/\/zonaroja.com.mx\/index.php?rest_route=\/wp\/v2\/users\/2"}],"replies":[{"embeddable":true,"href":"https:\/\/zonaroja.com.mx\/index.php?rest_route=%2Fwp%2Fv2%2Fcomments&post=14924"}],"version-history":[{"count":1,"href":"https:\/\/zonaroja.com.mx\/index.php?rest_route=\/wp\/v2\/posts\/14924\/revisions"}],"predecessor-version":[{"id":14925,"href":"https:\/\/zonaroja.com.mx\/index.php?rest_route=\/wp\/v2\/posts\/14924\/revisions\/14925"}],"wp:featuredmedia":[{"embeddable":true,"href":"https:\/\/zonaroja.com.mx\/index.php?rest_route=\/wp\/v2\/media\/9613"}],"wp:attachment":[{"href":"https:\/\/zonaroja.com.mx\/index.php?rest_route=%2Fwp%2Fv2%2Fmedia&parent=14924"}],"wp:term":[{"taxonomy":"category","embeddable":true,"href":"https:\/\/zonaroja.com.mx\/index.php?rest_route=%2Fwp%2Fv2%2Fcategories&post=14924"},{"taxonomy":"post_tag","embeddable":true,"href":"https:\/\/zonaroja.com.mx\/index.php?rest_route=%2Fwp%2Fv2%2Ftags&post=14924"}],"curies":[{"name":"wp","href":"https:\/\/api.w.org\/{rel}","templated":true}]}}