{"id":14926,"date":"2020-07-12T10:52:12","date_gmt":"2020-07-12T15:52:12","guid":{"rendered":"http:\/\/www.zonaroja.com.mx\/?p=14926"},"modified":"2020-07-12T10:52:15","modified_gmt":"2020-07-12T15:52:15","slug":"devastan-lluvias-viviendas-y-carreteras-de-la-region-canada-de-oaxaca","status":"publish","type":"post","link":"https:\/\/zonaroja.com.mx\/?p=14926","title":{"rendered":"Devastan lluvias viviendas y carreteras de la regi\u00f3n Ca\u00f1ada de Oaxaca"},"content":{"rendered":"\n<p>Redacci\u00f3n\/Zona\nRoja.<\/p>\n\n\n\n<p>Oaxaca de\nJu\u00e1rez, Oax., 12 de julio de 2020.- Al menos una decena de municipios de la\nregi\u00f3n Ca\u00f1ada de Oaxaca resultaron afectadas anoche por las fuertes lluvias\ngeneradas por la Tormenta Tropical n\u00famero 15.<\/p>\n\n\n\n<p>No\nobstante, la Coordinaci\u00f3n Estatal de Protecci\u00f3n Civil de Oaxaca (CEPCO) a\u00fan no\ntiene cuantificado cu\u00e1ntas viviendas resultaron da\u00f1adas y cu\u00e1ntos caminos est\u00e1n\nbloqueados a causa de deslaves y derrumbes.<\/p>\n\n\n\n<p>En un\ncomunicado, el organismo del Gobierno del Estado inform\u00f3 que se activaron los\nprotocolos de apoyo a la poblaci\u00f3n por las afectaciones ocasionadas por lluvias\nque se presentaron desde anoche.<\/p>\n\n\n\n<p>Indic\u00f3 que los municipios con mayor afectaci\u00f3n son San Antonio Eloxochitl\u00e1n, Huautla de Jim\u00e9nez, San Jos\u00e9 Tenango, San Mateo Yoloxochitl\u00e1n, Cuyamecalco Villa de Zaragoza y Santa Mar\u00eda Tlalixtac, en donde las lluvias alcanzaron niveles altos que generaron el desbordamiento del r\u00edo y el colapso del sistema de alcantarillado.<\/p>\n\n\n\n<figure class=\"wp-block-embed-twitter wp-block-embed is-type-rich is-provider-twitter\"><div class=\"wp-block-embed__wrapper\">\n<div class=\"twitter-tweet\"><blockquote class=\"twitter-tweet\" data-lang=\"es\"><p lang=\"es\" dir=\"ltr\"><a href=\"https:\/\/twitter.com\/hashtag\/%C3%9AltimaHora?src=hash&amp;ref_src=twsrc%5Etfw\">#\u00daltimaHora<\/a> <br>Una tormenta cay\u00f3 anoche en municipios de las regiones Ca\u00f1ada y Cuenca del Papaloapan, generando deslaves en carreteras e inundaciones en viviendas; hasta el momento no se han cuantificado los da\u00f1os. <a href=\"https:\/\/t.co\/ggjc1S75Xz\">pic.twitter.com\/ggjc1S75Xz<\/a><\/p>&mdash; Zona Roja Oaxaca (@MexRoja) <a href=\"https:\/\/twitter.com\/MexRoja\/status\/1282330827343437824?ref_src=twsrc%5Etfw\">12 de julio de 2020<\/a><\/blockquote><\/div>\n<\/div><\/figure>\n\n\n\n<p>En esta\nzona las lluvias tambi\u00e9n ocasionaron el deslizamiento de laderas que provocaron\nel cierre de las carreteras en el acceso de las poblaciones, las cuales ya\nest\u00e1n siendo atendidas por los presidentes municipales, autoridades estatales y\nfederales, con maquinaria y a trav\u00e9s de tequios.<\/p>\n\n\n\n<p>En tanto\nen el marco del PLAN-DN-III que se estableci\u00f3 la noche de este s\u00e1bado, personal\nde la Zona Militar en Oaxaca ha salido a las comunidades con insumos de la\nCEPCO para atender la emergencia; asimismo la dependencia estatal solicitar\u00e1 la\nDeclaratoria de Emergencia para estas comunidades.<\/p>\n\n\n\n<p>Por otra\nparte, autoridades y vecinos de la regi\u00f3n informaron que se encuentra cerraro\nel camino hacia San Andr\u00e9s Hidalgo, Huautla, una de las localidades m\u00e1s afectadas;\nasimismo, se desbord\u00f3 el r\u00edo \u201cSantiago\u201d de Huautla, dejando cuantiosas\nafectaciones a su paso.<\/p>\n","protected":false},"excerpt":{"rendered":"<p>Redacci\u00f3n\/Zona Roja. Oaxaca de Ju\u00e1rez, Oax., 12 de julio de 2020.- Al menos una decena&hellip;<\/p>\n","protected":false},"author":2,"featured_media":14927,"comment_status":"closed","ping_status":"open","sticky":false,"template":"","format":"standard","meta":{"_lmt_disableupdate":"","_lmt_disable":"","_jetpack_memberships_contains_paid_content":false,"footnotes":""},"categories":[109,47],"tags":[212],"class_list":["post-14926","post","type-post","status-publish","format-standard","has-post-thumbnail","hentry","category-minuto-a-minuto","category-zona-gris","tag-coordinacion-estatal-de-proteccion-civil"],"jetpack_featured_media_url":"https:\/\/zonaroja.com.mx\/wp-content\/uploads\/2020\/07\/Lluvias-Ca\u00f1adas.jpg","jetpack_sharing_enabled":true,"_links":{"self":[{"href":"https:\/\/zonaroja.com.mx\/index.php?rest_route=\/wp\/v2\/posts\/14926","targetHints":{"allow":["GET"]}}],"collection":[{"href":"https:\/\/zonaroja.com.mx\/index.php?rest_route=\/wp\/v2\/posts"}],"about":[{"href":"https:\/\/zonaroja.com.mx\/index.php?rest_route=\/wp\/v2\/types\/post"}],"author":[{"embeddable":true,"href":"https:\/\/zonaroja.com.mx\/index.php?rest_route=\/wp\/v2\/users\/2"}],"replies":[{"embeddable":true,"href":"https:\/\/zonaroja.com.mx\/index.php?rest_route=%2Fwp%2Fv2%2Fcomments&post=14926"}],"version-history":[{"count":1,"href":"https:\/\/zonaroja.com.mx\/index.php?rest_route=\/wp\/v2\/posts\/14926\/revisions"}],"predecessor-version":[{"id":14928,"href":"https:\/\/zonaroja.com.mx\/index.php?rest_route=\/wp\/v2\/posts\/14926\/revisions\/14928"}],"wp:featuredmedia":[{"embeddable":true,"href":"https:\/\/zonaroja.com.mx\/index.php?rest_route=\/wp\/v2\/media\/14927"}],"wp:attachment":[{"href":"https:\/\/zonaroja.com.mx\/index.php?rest_route=%2Fwp%2Fv2%2Fmedia&parent=14926"}],"wp:term":[{"taxonomy":"category","embeddable":true,"href":"https:\/\/zonaroja.com.mx\/index.php?rest_route=%2Fwp%2Fv2%2Fcategories&post=14926"},{"taxonomy":"post_tag","embeddable":true,"href":"https:\/\/zonaroja.com.mx\/index.php?rest_route=%2Fwp%2Fv2%2Ftags&post=14926"}],"curies":[{"name":"wp","href":"https:\/\/api.w.org\/{rel}","templated":true}]}}