{"id":14929,"date":"2020-07-12T11:13:02","date_gmt":"2020-07-12T16:13:02","guid":{"rendered":"http:\/\/www.zonaroja.com.mx\/?p=14929"},"modified":"2020-07-12T11:13:05","modified_gmt":"2020-07-12T16:13:05","slug":"reconoce-poder-judicial-de-oaxaca-a-los-abogados-en-su-dia","status":"publish","type":"post","link":"https:\/\/zonaroja.com.mx\/?p=14929","title":{"rendered":"Reconoce Poder Judicial de Oaxaca a los abogados en su d\u00eda"},"content":{"rendered":"\n<p>Redacci\u00f3n\/Zona\nRoja.<\/p>\n\n\n\n<p>Oaxaca de\nJu\u00e1rez, Oax., 12 de julio de 2020.- Este domingo se cumplen 60 a\u00f1os de celebrar\nal abogado en M\u00e9xico; la historia de esta conmemoraci\u00f3n inicia desde el a\u00f1o\n1960 cuando por petici\u00f3n del peri\u00f3dico el Diario de M\u00e9xico, de la capital del\npa\u00eds, el Presidente de la Rep\u00fablica, Adolfo L\u00f3pez Mateos, declara el D\u00eda del\nAbogado, como una festividad oficial en el pa\u00eds.<\/p>\n\n\n\n<p>Se eligi\u00f3\nesta fecha para festejar a los profesionales del derecho, debido a que el 12 de\njulio de 1533 se estableci\u00f3 en la Nueva Espa\u00f1a la primera c\u00e1tedra para la\nense\u00f1anza del derecho.<\/p>\n\n\n\n<p>Luego del\ninicio de ese estudio en tierras mexicanas, se dio origen a las facultades de\nuniversidades con el objetivo de sentar las bases para la educaci\u00f3n superior en\nM\u00e9xico y elegir\u00edan como punto de partida el centro hist\u00f3rico de la capital del\npa\u00eds, al edificar la Real y Pontificia Universidad de M\u00e9xico, la actual\nUniversidad Nacional Aut\u00f3noma de M\u00e9xico (UNAM).<\/p>\n\n\n\n<p>El D\u00eda\ndel Abogado se conmemora todos los a\u00f1os a manera de recordatorio de los deberes\nque los mexicanos tenemos para con la aplicaci\u00f3n de las leyes y la justicia,\nuniendo a\u00fan m\u00e1s el gremio de la abogac\u00eda, con el \u00fanico fin de servir como motor\nde cambio y desarrollo social.<\/p>\n\n\n\n<p>En esta\nfecha, el Poder Judicial del Estado expresa su reconocimiento quienes abrazaron\nla profesi\u00f3n jur\u00eddica para forjar una comunidad, en la que el derecho sea una\nexpresi\u00f3n de civilidad, abriendo en su defensa, los caminos para materializar\nlos derechos humanos como ordenadores de paz y concordia, erradicando toda\nexpresi\u00f3n de odio, racismo y violencia que se asome en cada rinc\u00f3n de Oaxaca.<\/p>\n\n\n\n<p>Ante la\nsituaci\u00f3n actual por la pandemia de Covid-19, la instituci\u00f3n encargada de\nadministrar justicia pone a disposici\u00f3n de los usuarios el servicio de\nJusticiaTel, que se encarga de atender oportunamente a las y los abogados\nlitigantes as\u00ed como a la sociedad en general y ser el enlace con las \u00e1reas y\ndirecciones, adem\u00e1s de brindar informaci\u00f3n a quienes se encuentren inmersos en\nalg\u00fan proceso jur\u00eddico. El n\u00famero telef\u00f3nico es el 800 719 22 32.<\/p>\n","protected":false},"excerpt":{"rendered":"<p>Redacci\u00f3n\/Zona Roja. Oaxaca de Ju\u00e1rez, Oax., 12 de julio de 2020.- Este domingo se cumplen&hellip;<\/p>\n","protected":false},"author":2,"featured_media":14930,"comment_status":"closed","ping_status":"open","sticky":false,"template":"","format":"standard","meta":{"_lmt_disableupdate":"","_lmt_disable":"","_jetpack_memberships_contains_paid_content":false,"footnotes":""},"categories":[109,46],"tags":[223],"class_list":["post-14929","post","type-post","status-publish","format-standard","has-post-thumbnail","hentry","category-minuto-a-minuto","category-zona-blanca","tag-poder-judicial-de-oaxaca"],"jetpack_featured_media_url":"https:\/\/zonaroja.com.mx\/wp-content\/uploads\/2020\/07\/IMAGEN-TSJ.jpg","jetpack_sharing_enabled":true,"_links":{"self":[{"href":"https:\/\/zonaroja.com.mx\/index.php?rest_route=\/wp\/v2\/posts\/14929","targetHints":{"allow":["GET"]}}],"collection":[{"href":"https:\/\/zonaroja.com.mx\/index.php?rest_route=\/wp\/v2\/posts"}],"about":[{"href":"https:\/\/zonaroja.com.mx\/index.php?rest_route=\/wp\/v2\/types\/post"}],"author":[{"embeddable":true,"href":"https:\/\/zonaroja.com.mx\/index.php?rest_route=\/wp\/v2\/users\/2"}],"replies":[{"embeddable":true,"href":"https:\/\/zonaroja.com.mx\/index.php?rest_route=%2Fwp%2Fv2%2Fcomments&post=14929"}],"version-history":[{"count":1,"href":"https:\/\/zonaroja.com.mx\/index.php?rest_route=\/wp\/v2\/posts\/14929\/revisions"}],"predecessor-version":[{"id":14931,"href":"https:\/\/zonaroja.com.mx\/index.php?rest_route=\/wp\/v2\/posts\/14929\/revisions\/14931"}],"wp:featuredmedia":[{"embeddable":true,"href":"https:\/\/zonaroja.com.mx\/index.php?rest_route=\/wp\/v2\/media\/14930"}],"wp:attachment":[{"href":"https:\/\/zonaroja.com.mx\/index.php?rest_route=%2Fwp%2Fv2%2Fmedia&parent=14929"}],"wp:term":[{"taxonomy":"category","embeddable":true,"href":"https:\/\/zonaroja.com.mx\/index.php?rest_route=%2Fwp%2Fv2%2Fcategories&post=14929"},{"taxonomy":"post_tag","embeddable":true,"href":"https:\/\/zonaroja.com.mx\/index.php?rest_route=%2Fwp%2Fv2%2Ftags&post=14929"}],"curies":[{"name":"wp","href":"https:\/\/api.w.org\/{rel}","templated":true}]}}