{"id":14932,"date":"2020-07-12T11:22:08","date_gmt":"2020-07-12T16:22:08","guid":{"rendered":"http:\/\/www.zonaroja.com.mx\/?p=14932"},"modified":"2020-07-12T11:22:11","modified_gmt":"2020-07-12T16:22:11","slug":"otra-vez-se-contradice-gatell-y-ahora-dice-que-no-responsabilizo-a-entidades","status":"publish","type":"post","link":"https:\/\/zonaroja.com.mx\/?p=14932","title":{"rendered":"Otra vez se contradice Gatell y ahora dice que no responsabiliz\u00f3 a entidades"},"content":{"rendered":"\n<p>Redacci\u00f3n\/Zona\nRoja Cdmx.<\/p>\n\n\n\n<p>Ciudad de\nM\u00e9xico, 12 de julio de 2020.- El subsecretario de la Secretar\u00eda de Salud\nfederal, Hugo L\u00f3pez-Gatell, de nuevo se desdijo y contradigo.<\/p>\n\n\n\n<p>El\nviernes acus\u00f3 que las entidades del pa\u00eds ten\u00edan un subregistro en los casos de\nmuertes y contagios por Covid 19 por lo cual la Federaci\u00f3n no emitir\u00eda sem\u00e1foro\nepidemiol\u00f3gico esta semana; anoche, recul\u00f3 y dijo que la culpa no es de nadie\nen particular.<\/p>\n\n\n\n<p>\u201cNo es\nposible ni tiene sentido, pensar que hay una persona responsable. El mensaje de\nayer (viernes) fue para enfatizar la importancia de que las personas no vean a\nsu gobierno, estatal o municipal, como responsable \u00fanico, sino que cada uno\ntome cartas en el asunto, porque esto va para un tiempo largo en M\u00e9xico y en el\nmundo\u201d, manifest\u00f3 anoche.<\/p>\n\n\n\n<p>De\nacuerdo con los datos difundidos por la Secretar\u00eda de Salud, los casos\nconfirmados acumulados suman 295 mil 268, con seis mil 94 casos notificados en\nlas pasadas 24 horas, que se agregan a los seis mil 891 reportados un d\u00eda\nantes.<\/p>\n\n\n\n<p>Los\ndecesos tambi\u00e9n se mantienen en ascenso, con un registro acumulado de 34 mil\n730, con 539 reportados ayer frente a los 665 del viernes. Los pacientes\nrecuperados son ya 180 mil 852.<\/p>\n\n\n\n<p>L\u00f3pez-Gatell\nse\u00f1al\u00f3 que en tanto no se d\u00e9 a conocer el nuevo sem\u00e1foro epidemiol\u00f3gico de\nriesgos continuar\u00e1 en vigor el anunciado para la semana del 6 al 12 de julio,\npor lo que no se puede revertir ni se puede bajar a amarillo a ninguna entidad.\n<\/p>\n\n\n\n<p>\u201cLas que\nest\u00e1n en rojo y naranja, con niveles m\u00e1ximos y altos de riesgo de contagio, se\nmantendr\u00e1n en esos colores. No hay verdes ni amarillos en este momento\u201d,\npuntualiz\u00f3.<\/p>\n","protected":false},"excerpt":{"rendered":"<p>Redacci\u00f3n\/Zona Roja Cdmx. Ciudad de M\u00e9xico, 12 de julio de 2020.- El subsecretario de la&hellip;<\/p>\n","protected":false},"author":2,"featured_media":14933,"comment_status":"closed","ping_status":"open","sticky":false,"template":"","format":"standard","meta":{"_lmt_disableupdate":"","_lmt_disable":"","_jetpack_memberships_contains_paid_content":false,"footnotes":""},"categories":[109,47],"tags":[1328],"class_list":["post-14932","post","type-post","status-publish","format-standard","has-post-thumbnail","hentry","category-minuto-a-minuto","category-zona-gris","tag-coronavirus-mexico"],"jetpack_featured_media_url":"https:\/\/zonaroja.com.mx\/wp-content\/uploads\/2020\/07\/Hugo-L\u00f3pez-Gatell.jpg","jetpack_sharing_enabled":true,"_links":{"self":[{"href":"https:\/\/zonaroja.com.mx\/index.php?rest_route=\/wp\/v2\/posts\/14932","targetHints":{"allow":["GET"]}}],"collection":[{"href":"https:\/\/zonaroja.com.mx\/index.php?rest_route=\/wp\/v2\/posts"}],"about":[{"href":"https:\/\/zonaroja.com.mx\/index.php?rest_route=\/wp\/v2\/types\/post"}],"author":[{"embeddable":true,"href":"https:\/\/zonaroja.com.mx\/index.php?rest_route=\/wp\/v2\/users\/2"}],"replies":[{"embeddable":true,"href":"https:\/\/zonaroja.com.mx\/index.php?rest_route=%2Fwp%2Fv2%2Fcomments&post=14932"}],"version-history":[{"count":1,"href":"https:\/\/zonaroja.com.mx\/index.php?rest_route=\/wp\/v2\/posts\/14932\/revisions"}],"predecessor-version":[{"id":14934,"href":"https:\/\/zonaroja.com.mx\/index.php?rest_route=\/wp\/v2\/posts\/14932\/revisions\/14934"}],"wp:featuredmedia":[{"embeddable":true,"href":"https:\/\/zonaroja.com.mx\/index.php?rest_route=\/wp\/v2\/media\/14933"}],"wp:attachment":[{"href":"https:\/\/zonaroja.com.mx\/index.php?rest_route=%2Fwp%2Fv2%2Fmedia&parent=14932"}],"wp:term":[{"taxonomy":"category","embeddable":true,"href":"https:\/\/zonaroja.com.mx\/index.php?rest_route=%2Fwp%2Fv2%2Fcategories&post=14932"},{"taxonomy":"post_tag","embeddable":true,"href":"https:\/\/zonaroja.com.mx\/index.php?rest_route=%2Fwp%2Fv2%2Ftags&post=14932"}],"curies":[{"name":"wp","href":"https:\/\/api.w.org\/{rel}","templated":true}]}}