{"id":14935,"date":"2020-07-12T13:37:25","date_gmt":"2020-07-12T18:37:25","guid":{"rendered":"http:\/\/www.zonaroja.com.mx\/?p=14935"},"modified":"2020-07-12T13:37:28","modified_gmt":"2020-07-12T18:37:28","slug":"mueren-en-oaxaca-dos-personas-sepultadas-por-deslave-a-causa-de-las-lluvias","status":"publish","type":"post","link":"https:\/\/zonaroja.com.mx\/?p=14935","title":{"rendered":"Mueren en Oaxaca dos personas sepultadas por deslave a causa de las lluvias"},"content":{"rendered":"\n<p>Redacci\u00f3n\/Zona\nRoja.<\/p>\n\n\n\n<p>Oaxaca de\nJu\u00e1rez, Oax., 12 de julio de 2020.- Dos personas perdieron la vida en un\ndeslizamiento de ladera, producto de las lluvias generadas por la zona de baja\npresi\u00f3n asociada con la Onda Tropical n\u00famero 15, confirm\u00f3 la Coordinaci\u00f3n\nEstatal de Protecci\u00f3n Civil de Oaxaca (CEPCO).<\/p>\n\n\n\n<p>En un\ncomunicado, expuso que el agente de la comunidad de La Providencia,\nperteneciente a Huautla de Jim\u00e9nez, Humberto Garc\u00eda Moreno, inform\u00f3 que el deslave\nsepult\u00f3 una vivienda que era habitada por cuatro personas; dos de ellas no\npudieron salir, quedando atrapadas y falleciendo en el lugar.<\/p>\n\n\n\n<p>Los\ncuerpos de Rosaura G. G., de 76 a\u00f1os de edad, y Cirilo Teofilo G. M., de 80\na\u00f1os, est\u00e1n siendo recuperados, luego de que quedaron sepultados a un metro y\nmedio del nivel de la vivienda, mientras que Melit\u00f3n M. G. y Felicito M. G., de\n56 y 45 a\u00f1os, lograron salir de la zona de riesgo y se encuentran estables.<\/p>\n\n\n\n<p>Expuso\nque la delegaci\u00f3n CEPCO contin\u00faa los trabajos de apoyo a la poblaci\u00f3n en\ncoordinaci\u00f3n con las autoridades municipales, el Ej\u00e9rcito Mexicano y la Guardia\nNacional.<\/p>\n","protected":false},"excerpt":{"rendered":"<p>Redacci\u00f3n\/Zona Roja. Oaxaca de Ju\u00e1rez, Oax., 12 de julio de 2020.- Dos personas perdieron la&hellip;<\/p>\n","protected":false},"author":2,"featured_media":14936,"comment_status":"closed","ping_status":"open","sticky":false,"template":"","format":"standard","meta":{"_lmt_disableupdate":"","_lmt_disable":"","_jetpack_memberships_contains_paid_content":false,"footnotes":""},"categories":[109,47],"tags":[203],"class_list":["post-14935","post","type-post","status-publish","format-standard","has-post-thumbnail","hentry","category-minuto-a-minuto","category-zona-gris","tag-huautla-de-jimenez"],"jetpack_featured_media_url":"https:\/\/zonaroja.com.mx\/wp-content\/uploads\/2020\/07\/Deslaves-fallecidos-Huautla.png","jetpack_sharing_enabled":true,"_links":{"self":[{"href":"https:\/\/zonaroja.com.mx\/index.php?rest_route=\/wp\/v2\/posts\/14935","targetHints":{"allow":["GET"]}}],"collection":[{"href":"https:\/\/zonaroja.com.mx\/index.php?rest_route=\/wp\/v2\/posts"}],"about":[{"href":"https:\/\/zonaroja.com.mx\/index.php?rest_route=\/wp\/v2\/types\/post"}],"author":[{"embeddable":true,"href":"https:\/\/zonaroja.com.mx\/index.php?rest_route=\/wp\/v2\/users\/2"}],"replies":[{"embeddable":true,"href":"https:\/\/zonaroja.com.mx\/index.php?rest_route=%2Fwp%2Fv2%2Fcomments&post=14935"}],"version-history":[{"count":1,"href":"https:\/\/zonaroja.com.mx\/index.php?rest_route=\/wp\/v2\/posts\/14935\/revisions"}],"predecessor-version":[{"id":14937,"href":"https:\/\/zonaroja.com.mx\/index.php?rest_route=\/wp\/v2\/posts\/14935\/revisions\/14937"}],"wp:featuredmedia":[{"embeddable":true,"href":"https:\/\/zonaroja.com.mx\/index.php?rest_route=\/wp\/v2\/media\/14936"}],"wp:attachment":[{"href":"https:\/\/zonaroja.com.mx\/index.php?rest_route=%2Fwp%2Fv2%2Fmedia&parent=14935"}],"wp:term":[{"taxonomy":"category","embeddable":true,"href":"https:\/\/zonaroja.com.mx\/index.php?rest_route=%2Fwp%2Fv2%2Fcategories&post=14935"},{"taxonomy":"post_tag","embeddable":true,"href":"https:\/\/zonaroja.com.mx\/index.php?rest_route=%2Fwp%2Fv2%2Ftags&post=14935"}],"curies":[{"name":"wp","href":"https:\/\/api.w.org\/{rel}","templated":true}]}}