{"id":14938,"date":"2020-07-12T15:08:49","date_gmt":"2020-07-12T20:08:49","guid":{"rendered":"http:\/\/www.zonaroja.com.mx\/?p=14938"},"modified":"2020-07-12T15:08:51","modified_gmt":"2020-07-12T20:08:51","slug":"mazatecos-abren-farmacia-de-medicina-tradicional-como-alternativa-contra-covid-19","status":"publish","type":"post","link":"https:\/\/zonaroja.com.mx\/?p=14938","title":{"rendered":"Mazatecos abren farmacia de medicina tradicional como alternativa contra Covid-19"},"content":{"rendered":"\n<p>Yuridiana\nSosa\/Zona Roja.<\/p>\n\n\n\n<p>Oaxaca de\nJu\u00e1rez, Oax., 12 de julio de 2020.- M\u00e9dicos tradicionales mazatecos de San\nFelipe Jalapa de D\u00edaz inauguraron la primera farmacia comunitaria en su tipo en\nla en la regi\u00f3n Cuenca, como un aliciente para afrontar la pandemia por\nCovid-19.<\/p>\n\n\n\n<p>En Jalapa,\n17 habitantes han padecido la enfermedad y cinco de ellos perdido la batalla\ncontra el nuevo coronavirus, uno de ellos menor de edad, de acuerdo con el m\u00e1s\nreciente reporte de la Secretar\u00eda de Salud.<\/p>\n\n\n\n<p>Aunque es\nun proyecto que se comenz\u00f3 desde el 2017, la contingencia por el SARS-CoV-2\napresur\u00f3 la apertura del espacio donde los m\u00e9dicos tradicionales ofrecen sus\nconocimientos a trav\u00e9s de distintos insumos naturales que ayudan a fortalecer\nel sistema inmunol\u00f3gico.<\/p>\n\n\n\n<p>Jarabes,\npomadas, t\u00e9s, hierbas medicinales, entre otros medicamentos, se ofertar\u00e1n a la\npoblaci\u00f3n, as\u00ed como consultas y alternativas para ayudar a tratar enfermedades\ncomo la diabetes, \u201cca\u00edda de matriz\u201d, piedra en el ri\u00f1\u00f3n, c\u00e1ncer de pr\u00f3stata,\npartos, cura de mordedura de v\u00edboras y limpias mediante hierbas medicinales.<\/p>\n\n\n\n<p>El presidente de la organizaci\u00f3n M\u00e9dicos Tradicionales de la Mazateca Baja \u201cPlantas que no mueren\u201d, Clemente Calixto Mart\u00ednez, explic\u00f3 que los productos que ofrecen ayudan a limpiar los pulmones, lo cual representa una mejora en la salud frente a distintas enfermedades, una de ellas a evitar un pron\u00f3stico fatal en quienes enferman de coronavirus.<\/p>\n\n\n\n<figure class=\"wp-block-image\"><img decoding=\"async\" width=\"1024\" height=\"576\" src=\"http:\/\/www.zonaroja.com.mx\/wp-content\/uploads\/2020\/07\/Medicina-tradicional-zapoteca-1-1024x576.jpg\" alt=\"\" class=\"wp-image-14940\" srcset=\"https:\/\/zonaroja.com.mx\/wp-content\/uploads\/2020\/07\/Medicina-tradicional-zapoteca-1.jpg 1024w, https:\/\/zonaroja.com.mx\/wp-content\/uploads\/2020\/07\/Medicina-tradicional-zapoteca-1-300x169.jpg 300w, https:\/\/zonaroja.com.mx\/wp-content\/uploads\/2020\/07\/Medicina-tradicional-zapoteca-1-768x432.jpg 768w, https:\/\/zonaroja.com.mx\/wp-content\/uploads\/2020\/07\/Medicina-tradicional-zapoteca-1-585x329.jpg 585w\" sizes=\"(max-width: 1024px) 100vw, 1024px\" \/><\/figure>\n\n\n\n<p>PROYECTO\nA LARGO PLAZO <\/p>\n\n\n\n<p>Los\nm\u00e9dicos tradicionales, apoyados de las autoridades municipales, tienen como\nmeta establecer en los pr\u00f3ximos a\u00f1os una cl\u00ednica con m\u00e9dicos mazatecos.<\/p>\n\n\n\n<p>El\nproyecto actual incluye la capacitaci\u00f3n de la poblaci\u00f3n infantil y juvenil para\nque aprendan de la herbolaria y medicina tradicional, con la intenci\u00f3n que sean\nlos pr\u00f3ximos curanderos del pueblo.<\/p>\n\n\n\n<p>As\u00ed\ntambi\u00e9n pretenden habilitar un jard\u00edn bot\u00e1nico para la siembra y cosecha de las\nplantas y hierbas medicinales frente al peligro del medio ambiente de una\nposible extinci\u00f3n.<\/p>\n\n\n\n<p>Durante\nel acto de inauguraci\u00f3n, los m\u00e9dicos tradicionales efectuaron un ritual para\npedir permiso a la madre tierra en el inicio de un nuevo proyecto a trav\u00e9s de\nsu flora.<\/p>\n\n\n\n<p>En la\nactividad tambi\u00e9n particip\u00f3 el presidente municipal, Jes\u00fas Garc\u00eda Vel\u00e1squez,\nquien record\u00f3 que este proyecto lo inici\u00f3 el extinto edil Arturo Garc\u00eda desde\nel 2017, pero que en las \u00faltimas etapas tambi\u00e9n fue importante el trabajo del\nInstituto Nacional de los Pueblos Ind\u00edgenas (INPI) y de las Culturas populares\nind\u00edgenas.<\/p>\n","protected":false},"excerpt":{"rendered":"<p>Yuridiana Sosa\/Zona Roja. Oaxaca de Ju\u00e1rez, Oax., 12 de julio de 2020.- M\u00e9dicos tradicionales mazatecos&hellip;<\/p>\n","protected":false},"author":2,"featured_media":14939,"comment_status":"closed","ping_status":"open","sticky":false,"template":"","format":"standard","meta":{"_lmt_disableupdate":"","_lmt_disable":"","_jetpack_memberships_contains_paid_content":false,"footnotes":""},"categories":[109,46],"tags":[1512],"class_list":["post-14938","post","type-post","status-publish","format-standard","has-post-thumbnail","hentry","category-minuto-a-minuto","category-zona-blanca","tag-coronavirus-oaxaca"],"jetpack_featured_media_url":"https:\/\/zonaroja.com.mx\/wp-content\/uploads\/2020\/07\/Medicina-tradicional-zapoteca-2.jpg","jetpack_sharing_enabled":true,"_links":{"self":[{"href":"https:\/\/zonaroja.com.mx\/index.php?rest_route=\/wp\/v2\/posts\/14938","targetHints":{"allow":["GET"]}}],"collection":[{"href":"https:\/\/zonaroja.com.mx\/index.php?rest_route=\/wp\/v2\/posts"}],"about":[{"href":"https:\/\/zonaroja.com.mx\/index.php?rest_route=\/wp\/v2\/types\/post"}],"author":[{"embeddable":true,"href":"https:\/\/zonaroja.com.mx\/index.php?rest_route=\/wp\/v2\/users\/2"}],"replies":[{"embeddable":true,"href":"https:\/\/zonaroja.com.mx\/index.php?rest_route=%2Fwp%2Fv2%2Fcomments&post=14938"}],"version-history":[{"count":1,"href":"https:\/\/zonaroja.com.mx\/index.php?rest_route=\/wp\/v2\/posts\/14938\/revisions"}],"predecessor-version":[{"id":14941,"href":"https:\/\/zonaroja.com.mx\/index.php?rest_route=\/wp\/v2\/posts\/14938\/revisions\/14941"}],"wp:featuredmedia":[{"embeddable":true,"href":"https:\/\/zonaroja.com.mx\/index.php?rest_route=\/wp\/v2\/media\/14939"}],"wp:attachment":[{"href":"https:\/\/zonaroja.com.mx\/index.php?rest_route=%2Fwp%2Fv2%2Fmedia&parent=14938"}],"wp:term":[{"taxonomy":"category","embeddable":true,"href":"https:\/\/zonaroja.com.mx\/index.php?rest_route=%2Fwp%2Fv2%2Fcategories&post=14938"},{"taxonomy":"post_tag","embeddable":true,"href":"https:\/\/zonaroja.com.mx\/index.php?rest_route=%2Fwp%2Fv2%2Ftags&post=14938"}],"curies":[{"name":"wp","href":"https:\/\/api.w.org\/{rel}","templated":true}]}}