{"id":14945,"date":"2020-07-12T15:19:04","date_gmt":"2020-07-12T20:19:04","guid":{"rendered":"http:\/\/www.zonaroja.com.mx\/?p=14945"},"modified":"2020-07-12T15:19:07","modified_gmt":"2020-07-12T20:19:07","slug":"oaxaca-referente-en-sanciones-contra-la-violencia-de-genero","status":"publish","type":"post","link":"https:\/\/zonaroja.com.mx\/?p=14945","title":{"rendered":"Oaxaca, referente en sanciones contra la violencia de g\u00e9nero"},"content":{"rendered":"\n<p>Redacci\u00f3n\/Zona\nRoja.<\/p>\n\n\n\n<p>Oaxaca de\nJu\u00e1rez, Oax., 12 de julio de 2020.- El presidente de la Junta de Coordinaci\u00f3n\nPol\u00edtica del Congreso de Oaxaca, Horacio Sosa Villavicencio, llam\u00f3 a las\ninstancias encargadas de ejercer justicia y procurar la seguridad de la\npoblaci\u00f3n, a acatar la Ley y garantizar una vida libre de violencia a hombres y\nmujeres.<\/p>\n\n\n\n<p>Lo\nanterior, al informar que el estado se ha convertido en un referente nacional,\npor castigar con hasta cuatro a\u00f1os de c\u00e1rcel, a quien con piropos, silbidos y\nfrotamientos acose sexualmente a una persona.<\/p>\n\n\n\n<p>En\nentrevista, detall\u00f3 que, si el acoso es cometido contra una persona menor de 18\na\u00f1os o con alguna discapacidad y la v\u00edctima no pueda resistirse, el delito se\nperseguir\u00e1 de oficio y se incrementar\u00e1 la sanci\u00f3n.<\/p>\n\n\n\n<p>En este\ncontexto, el representante popular, reconoci\u00f3 la voluntad pol\u00edtica de los grupos\nparlamentarios que integran la 64 Legislatura del Congreso local, y el trabajo\nde la Comisi\u00f3n Permanente de Administraci\u00f3n y Procuraci\u00f3n de Justicia, para dar\nherramientas que permitan prevenir y erradicar la violencia sexual.<\/p>\n\n\n\n<p>Indic\u00f3,\nque este tipo de conductas da\u00f1an gravemente la integridad de una persona, su\nderecho al libre tr\u00e1nsito y provocan intimidaci\u00f3n, humillaci\u00f3n y afectaciones\npsicol\u00f3gicas.<\/p>\n\n\n\n<p>Sosa\nVillavicencio solicit\u00f3 a la ciudadan\u00eda no normalizar comportamientos como el\nacoso sexual. De acuerdo con estad\u00edsticas oficiales, el 27 por ciento de la\npoblaci\u00f3n femenil ha padecido acoso sexual callejero.<\/p>\n\n\n\n<p>Puntualiz\u00f3\nque la reforma al Art\u00edculo 241 Ter del C\u00f3digo Penal Local, aprobada en sesi\u00f3n\nordinaria del 8 de julio y con la que se castiga el acoso sexual callejero,\nentrar\u00e1 en vigor luego de su publicaci\u00f3n en el Peri\u00f3dico Oficial del Estado de\nOaxaca.<\/p>\n","protected":false},"excerpt":{"rendered":"<p>Redacci\u00f3n\/Zona Roja. Oaxaca de Ju\u00e1rez, Oax., 12 de julio de 2020.- El presidente de la&hellip;<\/p>\n","protected":false},"author":2,"featured_media":8929,"comment_status":"closed","ping_status":"open","sticky":false,"template":"","format":"standard","meta":{"_lmt_disableupdate":"","_lmt_disable":"","_jetpack_memberships_contains_paid_content":false,"footnotes":""},"categories":[109,46],"tags":[213],"class_list":["post-14945","post","type-post","status-publish","format-standard","has-post-thumbnail","hentry","category-minuto-a-minuto","category-zona-blanca","tag-64-legislatura-de-oaxaca"],"jetpack_featured_media_url":"https:\/\/zonaroja.com.mx\/wp-content\/uploads\/2020\/02\/Congreso-de-Oaxaca.png","jetpack_sharing_enabled":true,"_links":{"self":[{"href":"https:\/\/zonaroja.com.mx\/index.php?rest_route=\/wp\/v2\/posts\/14945","targetHints":{"allow":["GET"]}}],"collection":[{"href":"https:\/\/zonaroja.com.mx\/index.php?rest_route=\/wp\/v2\/posts"}],"about":[{"href":"https:\/\/zonaroja.com.mx\/index.php?rest_route=\/wp\/v2\/types\/post"}],"author":[{"embeddable":true,"href":"https:\/\/zonaroja.com.mx\/index.php?rest_route=\/wp\/v2\/users\/2"}],"replies":[{"embeddable":true,"href":"https:\/\/zonaroja.com.mx\/index.php?rest_route=%2Fwp%2Fv2%2Fcomments&post=14945"}],"version-history":[{"count":1,"href":"https:\/\/zonaroja.com.mx\/index.php?rest_route=\/wp\/v2\/posts\/14945\/revisions"}],"predecessor-version":[{"id":14946,"href":"https:\/\/zonaroja.com.mx\/index.php?rest_route=\/wp\/v2\/posts\/14945\/revisions\/14946"}],"wp:featuredmedia":[{"embeddable":true,"href":"https:\/\/zonaroja.com.mx\/index.php?rest_route=\/wp\/v2\/media\/8929"}],"wp:attachment":[{"href":"https:\/\/zonaroja.com.mx\/index.php?rest_route=%2Fwp%2Fv2%2Fmedia&parent=14945"}],"wp:term":[{"taxonomy":"category","embeddable":true,"href":"https:\/\/zonaroja.com.mx\/index.php?rest_route=%2Fwp%2Fv2%2Fcategories&post=14945"},{"taxonomy":"post_tag","embeddable":true,"href":"https:\/\/zonaroja.com.mx\/index.php?rest_route=%2Fwp%2Fv2%2Ftags&post=14945"}],"curies":[{"name":"wp","href":"https:\/\/api.w.org\/{rel}","templated":true}]}}