{"id":14947,"date":"2020-07-13T10:01:31","date_gmt":"2020-07-13T15:01:31","guid":{"rendered":"http:\/\/www.zonaroja.com.mx\/?p=14947"},"modified":"2020-07-12T19:05:05","modified_gmt":"2020-07-13T00:05:05","slug":"estado-responsable-de-aumento-de-feminicidios-en-oaxaca-gesmujer","status":"publish","type":"post","link":"https:\/\/zonaroja.com.mx\/?p=14947","title":{"rendered":"Estado, responsable de aumento de feminicidios en Oaxaca: GESMujer"},"content":{"rendered":"\n<p>Evlin\nArag\u00f3n\/Zona Roja.<\/p>\n\n\n\n<p>Oaxaca de\nJu\u00e1rez, Oax., 13 de julio de 2020.- \u201cLa impunidad por parte de las autoridades\nestatales contribuye en el aumento de la violencia de g\u00e9nero y feminicida, por\neso el Estado es responsable de ella y debe asumir su responsabilidad de una\nvez por todas\u201d, afirma Ang\u00e9lica Ayala Ortiz, presidenta del Grupo de Estudios\nsobre la Mujer \u201cRosario Castellanos\u201d (GESMujer).<\/p>\n\n\n\n<p>En\nentrevista con un grupo de reporteros, la activista expone que una de las\nconstantes fallas para hacer justicia en temas de violencia contra las mujeres,\nson las deficiencias en las carpetas de investigaci\u00f3n que elabora la Fiscal\u00eda\nGeneral del Estado de Oaxaca, que impiden el correcto actuar de jueces,\ncontribuyendo en la impunidad que no cesa y por el contrario va en incremento.<\/p>\n\n\n\n<p>En una\ndura cr\u00edtica al sistema de justicia, detalla que desde el movimiento feminista\nhan solicitado la destituci\u00f3n del fiscal Rub\u00e9n Vasconcelos, la cual no se ha\nconcretado y ha dado como resultado el 98 por ciento de impunidad en delito\ncometidos en contra de las mujeres, como ejemplo uno de cada cinco casos de\nviolaci\u00f3n alcanza justicia.<\/p>\n\n\n\n<p>Ang\u00e9lica\nAyala a\u00f1ade que la deficiente aplicaci\u00f3n de justicia en Oaxaca ha ocasionado\nleyes muertas, tal es el caso de la Ley General de Acceso de las Mujeres a una\nVida Libre de Violencia, que no se hace efectiva en perjuicio de m\u00e1s de la mita\nde la poblaci\u00f3n y que pone a la entidad entre los cinco primeros lugares a\nnivel nacional con m\u00e1s casos de feminicidios.<\/p>\n\n\n\n<p>\u201cDesafortunadamente\nleyes muertas tenemos en todos lados. Los derechos est\u00e1n protegidos por toda\nuna serie de norma, leyes, convenciones; el problema es la aplicaci\u00f3n, lo que\nnecesitamos es aplicaci\u00f3n de la ley, profesionalmente con voluntad pol\u00edtica y\ncon resultados, eso es lo que necesitamos\u201d, dice.<\/p>\n\n\n\n<p>SEXENIO\nM\u00c1S VIOLENTO<\/p>\n\n\n\n<p>En este\nsentido, da a conocer que los 445 feminicidios que se registran durante la\nadministraci\u00f3n actual, encabezada por Alejandro Murat Hinojosa, han superado a\nlos que se documentaron en la administraci\u00f3n de Jos\u00e9 Murat, padre del actual gobernante,\ny de continuar con la tendencia tambi\u00e9n superar\u00e1n los 527 con los que concluy\u00f3\nel sexenio de Gabino Cu\u00e9.<\/p>\n\n\n\n<p>As\u00ed mismo, puntualiza que el problema de la violencia feminicida ha sido contante en los \u00faltimos a\u00f1os; sin embargo, se ha incrementado con la pandemia, debido a la omisi\u00f3n de las autoridades para atender la problem\u00e1tica que, adem\u00e1s, no s\u00f3lo incrementa en n\u00famero sino en nivel de sa\u00f1a con la que se atacan los cuerpos de las mujeres.<\/p>\n\n\n\n<figure class=\"wp-block-embed-twitter wp-block-embed is-type-rich is-provider-twitter\"><div class=\"wp-block-embed__wrapper\">\n<div class=\"twitter-tweet\"><blockquote class=\"twitter-tweet\" data-lang=\"es\"><p lang=\"es\" dir=\"ltr\">La grave situaci\u00f3n de la violencia contra las mujeres y de los feminicidios en <a href=\"https:\/\/twitter.com\/hashtag\/Oaxaca?src=hash&amp;ref_src=twsrc%5Etfw\">#Oaxaca<\/a>, fue expuesta por la representante de <a href=\"https:\/\/twitter.com\/GES_Mujer?ref_src=twsrc%5Etfw\">@GES_Mujer<\/a>, Ang\u00e9lica Ayala, quien recalc\u00f3 las m\u00faltiples omisiones en que incurre la <a href=\"https:\/\/twitter.com\/FISCALIA_GobOax?ref_src=twsrc%5Etfw\">@FISCALIA_GobOax<\/a> y la impunidad que se promueve desde esa instancia. <a href=\"https:\/\/t.co\/c4v82dRwqn\">pic.twitter.com\/c4v82dRwqn<\/a><\/p>&mdash; Zona Roja Oaxaca (@MexRoja) <a href=\"https:\/\/twitter.com\/MexRoja\/status\/1281987339460292614?ref_src=twsrc%5Etfw\">11 de julio de 2020<\/a><\/blockquote><\/div>\n<\/div><\/figure>\n\n\n\n<p>\u201cLos\ncasos durante la pandemia son aterradores, asesinatos de forma sumamente\nviolentas, encontradas en fosas clandestinas, semienterradas e incineradas, las\nagresiones son cada vez m\u00e1s crueles\u201d, manifiesta.<\/p>\n\n\n\n<p>Adem\u00e1s,\nexplica que los recientes casos de cuerpos encontrados en fosas clandestinas en\nTuxtepec principalmente, preocupan de sobremanera debido a que pueda tratarse\nde otro modo de violencia de g\u00e9nero, que derive en que las mujeres reportadas\ncomo desaparecida, en realidad sean v\u00edctimas de feminicidios.&nbsp; <\/p>\n\n\n\n<p>URGE\nACTUACI\u00d3N<\/p>\n\n\n\n<p>Por lo\nanterior, urgi\u00f3 a las autoridades a actuar de forma coordinada, ya que s\u00f3lo el\ntrabajo en conjunto permitir\u00e1 que la violencia feminicida frene en la entidad;\nas\u00ed mismo, que el gobierno reconozca la problem\u00e1tica y asuma su responsabilidad\nponiendo puntual atenci\u00f3n en la prevenci\u00f3n de casos.&nbsp; <\/p>\n\n\n\n<p>Insiste\ntambi\u00e9n en la profesionalizaci\u00f3n del personal al interior de la Fiscal\u00eda de\nOaxaca, ya que a\u00fan hoy en d\u00eda las mujeres se enfrentan a la revictimizaci\u00f3n e\nincluso las mandan de vuelta con sus agresores poni\u00e9ndolas en doble o triple\nriesgo.<\/p>\n\n\n\n<p>Finalmente, y aunque reconoce que ning\u00fan presupuesto alcanza para atender la problem\u00e1tica, la representante de GESMujer urgi\u00f3 en la necesidad imperante de contar con voluntad pol\u00edtica por parte de las autoridades estatales para hacer frente a la violencia feminicida, dejar el discurso medi\u00e1tico y apostar por una actuaci\u00f3n efectiva que otorgue justicia a todas las mujeres.<\/p>\n\n\n\n<figure class=\"wp-block-image\"><img decoding=\"async\" width=\"786\" height=\"590\" src=\"http:\/\/www.zonaroja.com.mx\/wp-content\/uploads\/2020\/07\/Ang\u00e9lica-Ayala-Ortiz-2.jpg\" alt=\"\" class=\"wp-image-14949\" srcset=\"https:\/\/zonaroja.com.mx\/wp-content\/uploads\/2020\/07\/Ang\u00e9lica-Ayala-Ortiz-2.jpg 786w, https:\/\/zonaroja.com.mx\/wp-content\/uploads\/2020\/07\/Ang\u00e9lica-Ayala-Ortiz-2-300x225.jpg 300w, https:\/\/zonaroja.com.mx\/wp-content\/uploads\/2020\/07\/Ang\u00e9lica-Ayala-Ortiz-2-768x576.jpg 768w, https:\/\/zonaroja.com.mx\/wp-content\/uploads\/2020\/07\/Ang\u00e9lica-Ayala-Ortiz-2-585x439.jpg 585w\" sizes=\"(max-width: 786px) 100vw, 786px\" \/><\/figure>\n","protected":false},"excerpt":{"rendered":"<p>Evlin Arag\u00f3n\/Zona Roja. Oaxaca de Ju\u00e1rez, Oax., 13 de julio de 2020.- \u201cLa impunidad por&hellip;<\/p>\n","protected":false},"author":2,"featured_media":14948,"comment_status":"closed","ping_status":"open","sticky":false,"template":"","format":"standard","meta":{"_lmt_disableupdate":"","_lmt_disable":"","_jetpack_memberships_contains_paid_content":false,"footnotes":""},"categories":[109,47],"tags":[1001],"class_list":["post-14947","post","type-post","status-publish","format-standard","has-post-thumbnail","hentry","category-minuto-a-minuto","category-zona-gris","tag-grupo-de-estudios-sobre-la-mujer-rosario-castellanos"],"jetpack_featured_media_url":"https:\/\/zonaroja.com.mx\/wp-content\/uploads\/2020\/07\/Ang\u00e9lica-Ayala-Ortiz-1.jpg","jetpack_sharing_enabled":true,"_links":{"self":[{"href":"https:\/\/zonaroja.com.mx\/index.php?rest_route=\/wp\/v2\/posts\/14947","targetHints":{"allow":["GET"]}}],"collection":[{"href":"https:\/\/zonaroja.com.mx\/index.php?rest_route=\/wp\/v2\/posts"}],"about":[{"href":"https:\/\/zonaroja.com.mx\/index.php?rest_route=\/wp\/v2\/types\/post"}],"author":[{"embeddable":true,"href":"https:\/\/zonaroja.com.mx\/index.php?rest_route=\/wp\/v2\/users\/2"}],"replies":[{"embeddable":true,"href":"https:\/\/zonaroja.com.mx\/index.php?rest_route=%2Fwp%2Fv2%2Fcomments&post=14947"}],"version-history":[{"count":1,"href":"https:\/\/zonaroja.com.mx\/index.php?rest_route=\/wp\/v2\/posts\/14947\/revisions"}],"predecessor-version":[{"id":14950,"href":"https:\/\/zonaroja.com.mx\/index.php?rest_route=\/wp\/v2\/posts\/14947\/revisions\/14950"}],"wp:featuredmedia":[{"embeddable":true,"href":"https:\/\/zonaroja.com.mx\/index.php?rest_route=\/wp\/v2\/media\/14948"}],"wp:attachment":[{"href":"https:\/\/zonaroja.com.mx\/index.php?rest_route=%2Fwp%2Fv2%2Fmedia&parent=14947"}],"wp:term":[{"taxonomy":"category","embeddable":true,"href":"https:\/\/zonaroja.com.mx\/index.php?rest_route=%2Fwp%2Fv2%2Fcategories&post=14947"},{"taxonomy":"post_tag","embeddable":true,"href":"https:\/\/zonaroja.com.mx\/index.php?rest_route=%2Fwp%2Fv2%2Ftags&post=14947"}],"curies":[{"name":"wp","href":"https:\/\/api.w.org\/{rel}","templated":true}]}}