{"id":14955,"date":"2020-07-12T20:12:44","date_gmt":"2020-07-13T01:12:44","guid":{"rendered":"http:\/\/www.zonaroja.com.mx\/?p=14955"},"modified":"2020-07-12T20:12:46","modified_gmt":"2020-07-13T01:12:46","slug":"por-covid-ahora-cierra-hospital-de-nochixtlan-en-juchitan-crecen-contagios","status":"publish","type":"post","link":"https:\/\/zonaroja.com.mx\/?p=14955","title":{"rendered":"Por Covid, ahora cierra hospital de Nochixtl\u00e1n; en Juchit\u00e1n crecen contagios"},"content":{"rendered":"\n<p>Redacci\u00f3n\/Zona\nRoja.<\/p>\n\n\n\n<p>Oaxaca de\nJu\u00e1rez, Oax., 12 de julio de 2020.- Otro hospital de Oaxaca cerr\u00f3 por contagio\nde Covid-19 entre sus trabajadores y en uno m\u00e1s se increment\u00f3 el n\u00famero de\ncasos positivos. <\/p>\n\n\n\n<p>Se trata\ndel nosocomio ubicado en el municipio de Asunci\u00f3n Nochixtl\u00e1n, en la regi\u00f3n\nMixteca, perteneciente a los Servicios de Salud de Oaxaca, que cerr\u00f3 sus\npuertas desde este domingo hasta el martes 14 de julio.<\/p>\n\n\n\n<p>Lo\nanterior debido a que al menos 27 trabajadores de la salud dieron positivo a\nlas pruebas del Covid; tres est\u00e1n en espera de resultados y hay un m\u00e9dico\nfallecido.<\/p>\n\n\n\n<p>El\npersonal afiliado a la Secci\u00f3n 35 del Sindicato Nacional de Trabajadores de la\nSecretar\u00eda de Salud denunci\u00f3 que la causa de los contagios es la deficiente\ndistribuci\u00f3n de equipos de protecci\u00f3n para enfrentar la pandemia.<\/p>\n\n\n\n<p>Por otra\nparte, sindicalizados del hospital \u201cDr. Macedonio Ben\u00edtez Fuentes\u201d de Juchit\u00e1n\nde Zaragoza dieron a conocer hoy que aument\u00f3 de 115 a 170 el n\u00famero de\ntrabajadores que han dado al Covid-19, por lo cual se mantiene cerrado el\nnosocomio.<\/p>\n\n\n\n<p>Esta\nma\u00f1ana, el titular de los Servicios de Salud de Oaxaca, Donato Casas Escamilla,\nacudi\u00f3 a dicho nosocomio a dialogar con la dirigencia regional de empleados y\nse comprometi\u00f3 a suministrar los equipos y materiales pendientes.<\/p>\n","protected":false},"excerpt":{"rendered":"<p>Redacci\u00f3n\/Zona Roja. Oaxaca de Ju\u00e1rez, Oax., 12 de julio de 2020.- Otro hospital de Oaxaca&hellip;<\/p>\n","protected":false},"author":2,"featured_media":14956,"comment_status":"closed","ping_status":"open","sticky":false,"template":"","format":"standard","meta":{"_lmt_disableupdate":"","_lmt_disable":"","_jetpack_memberships_contains_paid_content":false,"footnotes":""},"categories":[109,47],"tags":[1825],"class_list":["post-14955","post","type-post","status-publish","format-standard","has-post-thumbnail","hentry","category-minuto-a-minuto","category-zona-gris","tag-hospital-basico-comunitario-asuncion-nochixtlan"],"jetpack_featured_media_url":"https:\/\/zonaroja.com.mx\/wp-content\/uploads\/2020\/07\/Hospital-Nochixt\u00e1n.jpg","jetpack_sharing_enabled":true,"_links":{"self":[{"href":"https:\/\/zonaroja.com.mx\/index.php?rest_route=\/wp\/v2\/posts\/14955","targetHints":{"allow":["GET"]}}],"collection":[{"href":"https:\/\/zonaroja.com.mx\/index.php?rest_route=\/wp\/v2\/posts"}],"about":[{"href":"https:\/\/zonaroja.com.mx\/index.php?rest_route=\/wp\/v2\/types\/post"}],"author":[{"embeddable":true,"href":"https:\/\/zonaroja.com.mx\/index.php?rest_route=\/wp\/v2\/users\/2"}],"replies":[{"embeddable":true,"href":"https:\/\/zonaroja.com.mx\/index.php?rest_route=%2Fwp%2Fv2%2Fcomments&post=14955"}],"version-history":[{"count":1,"href":"https:\/\/zonaroja.com.mx\/index.php?rest_route=\/wp\/v2\/posts\/14955\/revisions"}],"predecessor-version":[{"id":14957,"href":"https:\/\/zonaroja.com.mx\/index.php?rest_route=\/wp\/v2\/posts\/14955\/revisions\/14957"}],"wp:featuredmedia":[{"embeddable":true,"href":"https:\/\/zonaroja.com.mx\/index.php?rest_route=\/wp\/v2\/media\/14956"}],"wp:attachment":[{"href":"https:\/\/zonaroja.com.mx\/index.php?rest_route=%2Fwp%2Fv2%2Fmedia&parent=14955"}],"wp:term":[{"taxonomy":"category","embeddable":true,"href":"https:\/\/zonaroja.com.mx\/index.php?rest_route=%2Fwp%2Fv2%2Fcategories&post=14955"},{"taxonomy":"post_tag","embeddable":true,"href":"https:\/\/zonaroja.com.mx\/index.php?rest_route=%2Fwp%2Fv2%2Ftags&post=14955"}],"curies":[{"name":"wp","href":"https:\/\/api.w.org\/{rel}","templated":true}]}}