{"id":14958,"date":"2020-07-12T21:08:18","date_gmt":"2020-07-13T02:08:18","guid":{"rendered":"http:\/\/www.zonaroja.com.mx\/?p=14958"},"modified":"2020-07-12T22:01:11","modified_gmt":"2020-07-13T03:01:11","slug":"seguira-oaxaca-otra-semana-en-semaforo-naranja-no-cede-el-covid-19","status":"publish","type":"post","link":"https:\/\/zonaroja.com.mx\/?p=14958","title":{"rendered":"Seguir\u00e1 Oaxaca otra semana en sem\u00e1foro naranja; no cede el Covid-19"},"content":{"rendered":"\n<p>Redacci\u00f3n\/Zona\nRoja.<\/p>\n\n\n\n<p>Oaxaca de\nJu\u00e1rez, Oax., 12 de julio de 2020.- Debido a que la pandemia por Covid-19 no\ncede, Oaxaca continuar\u00e1 por segunda semana en sem\u00e1foro epidemiol\u00f3gico color\nnaranja.<\/p>\n\n\n\n<p>En un\nvideo publicado en redes sociales, el gobernador Alejandro Murat Hinojosa\nreconoci\u00f3 que en las regiones Istmo de Tehuantepec y Cuenca del Papaloapan los\ncasos se han incrementado, por lo que se redoblar\u00e1n los esfuerzos de\nprevenci\u00f3n.<\/p>\n\n\n\n<p>Igualmente\nanunci\u00f3 que se aumentar\u00e1 el n\u00famero de camas disponibles en la regi\u00f3n del Istmo,\nespec\u00edficamente en el Hospital de Especialidades de Juchit\u00e1n de Zaragoza, que\npasar\u00e1 de 25 a 42.<\/p>\n\n\n\n<p>Reiter\u00f3 a la poblaci\u00f3n el uso obligatorio de cubreboca en la v\u00eda p\u00fablica, as\u00ed como seguir ejerciendo las medidas de higiene y prevenci\u00f3n como el lavado frecuente de manos, el distanciamiento social y, de ser posible, quedarse en casa.<\/p>\n\n\n\n<figure class=\"wp-block-embed-twitter wp-block-embed is-type-rich is-provider-twitter\"><div class=\"wp-block-embed__wrapper\">\n<div class=\"twitter-tweet\"><blockquote class=\"twitter-tweet\" data-lang=\"es\"><p lang=\"es\" dir=\"ltr\"><a href=\"https:\/\/twitter.com\/hashtag\/%C3%9AltimoMinuto?src=hash&amp;ref_src=twsrc%5Etfw\">#\u00daltimoMinuto<\/a> <br>El gobernador de <a href=\"https:\/\/twitter.com\/hashtag\/Oaxaca?src=hash&amp;ref_src=twsrc%5Etfw\">#Oaxaca<\/a>, <a href=\"https:\/\/twitter.com\/alejandromurat?ref_src=twsrc%5Etfw\">@alejandromurat<\/a>, anuncia que la entidad seguir\u00e1 esta semana en sem\u00e1foro epidemiol\u00f3gico naranja; reconoce que en las regiones del Istmo y la Cueca los contagios van en aumento. <a href=\"https:\/\/t.co\/1WDWmzC5Co\">pic.twitter.com\/1WDWmzC5Co<\/a><\/p>&mdash; Zona Roja Oaxaca (@MexRoja) <a href=\"https:\/\/twitter.com\/MexRoja\/status\/1282490985063288833?ref_src=twsrc%5Etfw\">13 de julio de 2020<\/a><\/blockquote><\/div>\n<\/div><\/figure>\n\n\n\n<p>NO CEDE\nPANDEMIA<\/p>\n\n\n\n<p>Por otra\nparte, en un comunicado, la dependencia Servicios de Salud de Oaxaca inform\u00f3\nque la entidad lleg\u00f3 este domingo 12 de julio a un acumulado de siete mil 736\ncasos y 736 defunciones a causa del Covid-19.<\/p>\n\n\n\n<p>De\nacuerdo al informe epidemiol\u00f3gico de la enfermedad respiratoria, los 127 nuevos\npacientes registrados con esta enfermedad en las \u00faltimas 24 horas, corresponden\na 45 municipios, por lo que a la fecha el virus se encuentra activo en 726\npersonas, las cuales se ubican en 100 localidades de la entidad.<\/p>\n\n\n\n<p>Precis\u00f3\nque del total de v\u00edctimas fatales, siete son nuevos decesos; seis mil 274\npersonas se han recuperado del padecimiento, mil 011 se encuentran en espera de\nresultados, as\u00ed tambi\u00e9n tres mil 675 han dado negativo a la prueba de\ndiagn\u00f3stico, de un total de 12 mil 422 notificaciones.<\/p>\n\n\n\n<p>Especific\u00f3 que Valles Centrales contabiliza cinco mil 049 casos positivos y 398 fallecimientos; Tuxtepec mil 121 confirmados y 155 decesos; el Istmo 655 personas con la enfermedad, de las cuales 90 han perdido la vida; la Mixteca present\u00f3 445 registros y 40 muertes; la Costa 312 y 28 perdidas fatales, y la Sierra (Norte) 154, de esta cifra 25 pacientes fallecieron.<\/p>\n\n\n\n<figure class=\"wp-block-embed-twitter wp-block-embed is-type-rich is-provider-twitter\"><div class=\"wp-block-embed__wrapper\">\n<div class=\"twitter-tweet\"><blockquote class=\"twitter-tweet\" data-lang=\"es\"><p lang=\"es\" dir=\"ltr\">Hoy 45 municipios de <a href=\"https:\/\/twitter.com\/hashtag\/Oaxaca?src=hash&amp;ref_src=twsrc%5Etfw\">#Oaxaca<\/a> registraron casos positivos nuevos de <a href=\"https:\/\/twitter.com\/hashtag\/COVID19?src=hash&amp;ref_src=twsrc%5Etfw\">#COVID19<\/a>. <a href=\"https:\/\/t.co\/US4m6Y47kL\">pic.twitter.com\/US4m6Y47kL<\/a><\/p>&mdash; Servicios de Salud (@SSO_GobOax) <a href=\"https:\/\/twitter.com\/SSO_GobOax\/status\/1282481818248372224?ref_src=twsrc%5Etfw\">13 de julio de 2020<\/a><\/blockquote><\/div>\n<\/div><\/figure>\n\n\n\n<p>El titular\nde los SSO, Donato Casas Escamilla, reconoci\u00f3 la labor que realiza todo el\nequipo del sector, que se encuentra brindando atenci\u00f3n m\u00e9dica para que los\npacientes restablezcan su salud, y es que \u2013dijo- lamentablemente a pesar de las\nmedidas de protecci\u00f3n, a la fecha se tiene el reporte de un global de mil 474\ntrabajadores que han presentado s\u00edntomas de la enfermedad.<\/p>\n\n\n\n<p>Asimismo,\npuntualiz\u00f3 que en la red hospitalaria en el estado, al corte de este domingo,\nse tiene el 50.2% de ocupaci\u00f3n de camas asignadas para pacientes que presenten\ncomplicaciones m\u00e9dicas a causa del virus; sin embargo, advirti\u00f3 que esta cifra\nvar\u00eda constantemente de acuerdo a las altas m\u00e9dicas.<\/p>\n","protected":false},"excerpt":{"rendered":"<p>Redacci\u00f3n\/Zona Roja. Oaxaca de Ju\u00e1rez, Oax., 12 de julio de 2020.- Debido a que la&hellip;<\/p>\n","protected":false},"author":2,"featured_media":14964,"comment_status":"closed","ping_status":"open","sticky":false,"template":"","format":"standard","meta":{"_lmt_disableupdate":"","_lmt_disable":"","_jetpack_memberships_contains_paid_content":false,"footnotes":""},"categories":[109,1,47],"tags":[1497],"class_list":["post-14958","post","type-post","status-publish","format-standard","has-post-thumbnail","hentry","category-minuto-a-minuto","category-sin-categoria","category-zona-gris","tag-coronavirus-en-oaxaca"],"jetpack_featured_media_url":"https:\/\/zonaroja.com.mx\/wp-content\/uploads\/2020\/07\/58b4ce31-1767-4f03-bcf3-8922d44e7f61-1.jpg","jetpack_sharing_enabled":true,"_links":{"self":[{"href":"https:\/\/zonaroja.com.mx\/index.php?rest_route=\/wp\/v2\/posts\/14958","targetHints":{"allow":["GET"]}}],"collection":[{"href":"https:\/\/zonaroja.com.mx\/index.php?rest_route=\/wp\/v2\/posts"}],"about":[{"href":"https:\/\/zonaroja.com.mx\/index.php?rest_route=\/wp\/v2\/types\/post"}],"author":[{"embeddable":true,"href":"https:\/\/zonaroja.com.mx\/index.php?rest_route=\/wp\/v2\/users\/2"}],"replies":[{"embeddable":true,"href":"https:\/\/zonaroja.com.mx\/index.php?rest_route=%2Fwp%2Fv2%2Fcomments&post=14958"}],"version-history":[{"count":1,"href":"https:\/\/zonaroja.com.mx\/index.php?rest_route=\/wp\/v2\/posts\/14958\/revisions"}],"predecessor-version":[{"id":14959,"href":"https:\/\/zonaroja.com.mx\/index.php?rest_route=\/wp\/v2\/posts\/14958\/revisions\/14959"}],"wp:featuredmedia":[{"embeddable":true,"href":"https:\/\/zonaroja.com.mx\/index.php?rest_route=\/wp\/v2\/media\/14964"}],"wp:attachment":[{"href":"https:\/\/zonaroja.com.mx\/index.php?rest_route=%2Fwp%2Fv2%2Fmedia&parent=14958"}],"wp:term":[{"taxonomy":"category","embeddable":true,"href":"https:\/\/zonaroja.com.mx\/index.php?rest_route=%2Fwp%2Fv2%2Fcategories&post=14958"},{"taxonomy":"post_tag","embeddable":true,"href":"https:\/\/zonaroja.com.mx\/index.php?rest_route=%2Fwp%2Fv2%2Ftags&post=14958"}],"curies":[{"name":"wp","href":"https:\/\/api.w.org\/{rel}","templated":true}]}}