{"id":14966,"date":"2020-07-13T07:34:00","date_gmt":"2020-07-13T12:34:00","guid":{"rendered":"http:\/\/www.zonaroja.com.mx\/?p=14966"},"modified":"2020-07-13T07:34:04","modified_gmt":"2020-07-13T12:34:04","slug":"mexico-rebasa-a-italia-en-muertes-amlo-ve-descenso-en-pandemia","status":"publish","type":"post","link":"https:\/\/zonaroja.com.mx\/?p=14966","title":{"rendered":"M\u00e9xico rebasa a Italia en muertes; AMLO ve descenso en pandemia"},"content":{"rendered":"\n<p>Redacci\u00f3n\/Zona\nRoja Cdmx.<\/p>\n\n\n\n<p>Ciudad de\nM\u00e9xico, 13 de julio de 2020.- Mientras el Presidente Andr\u00e9s Manuel L\u00f3pez\nObrador asegur\u00f3 ayer que en el pa\u00eds la pandemia por Covid-19 va en descenso y\ns\u00f3lo en nueve de 23 entidades hay incremento de casos, M\u00e9xico rebas\u00f3 anoche a\nItalia en el n\u00famero de muertes.<\/p>\n\n\n\n<p>De acuerdo\ncon cifras oficiales de la Secretar\u00eda de Salud federal, M\u00e9xico se ubic\u00f3 en el\ncuarto lugar mundial en este rubro, al acumular 35 mil seis muertes.<\/p>\n\n\n\n<p>Esta cifra es\nsuperior a las 34 mil 954 defunciones confirmadas en Italia hasta ayer, seg\u00fan\ncifras del Instituto Superior de Sanidad del pa\u00eds europeo, uno de los m\u00e1s\ngolpeados por la pandemia.<\/p>\n\n\n\n<p>El fin de\nsemana pasado nuestro pa\u00eds tambi\u00e9n hab\u00eda superado a Espa\u00f1a y Francia.<\/p>\n\n\n\n<p>Con ello,\nM\u00e9xico tambi\u00e9n se situ\u00f3 como el cuarto pa\u00eds del mundo con mayor n\u00famero de\nmuertes confirmadas totales, s\u00f3lo por debajo de Reino Unido, que tiene 44 mil\n904 fallecimientos; Brasil, con 72 mil 100 y Estados Unidos, con 135 mil 171\nmuertes, la naci\u00f3n con m\u00e1s decesos acumulados.<\/p>\n\n\n\n<p>Con las\ncifras de ayer, tambi\u00e9n se alcanz\u00f3 el pron\u00f3stico m\u00e1s probable de 35 mil muertes\nen este primer ciclo de la epidemia, que el subsecretario de Prevenci\u00f3n y\nPromoci\u00f3n de la Salud, Hugo L\u00f3pez-Gatell dio a conocer el 4 de junio durante\nuna reuni\u00f3n virtual con diputados federales.<\/p>\n\n\n\n<p>Sin embargo,\nM\u00e9xico sigue en la parte m\u00e1s alta de la curva y aunque la epidemia se ha\ndesacelerado, se estima que este primer ciclo se termine hasta octubre, de\nacuerdo con el funcionario. El c\u00e1lculo de las autoridades federales es de 60\nmil fallecimientos en esta primera ola.<\/p>\n\n\n\n<p>En el caso\nde la tasa de mortalidad, nuestro pa\u00eds se ubica en el lugar 16 del mundo y se\nubica a\u00fan por debajo de Italia, Espa\u00f1a y Francia. San Marino, B\u00e9lgica, Andorra,\nReino Unido, Espa\u00f1a e Italia en ese orden, tienen las mayores tasas.<\/p>\n\n\n\n<p>La tasa de\nMortalidad de M\u00e9xico es de 27.5 muertes por cada 100 mil habitantes.<\/p>\n\n\n\n<p>En cambio,\nReino Unido tiene una tasa de 67.5 defunciones por cada 100 mil habitantes;\nEspa\u00f1a, de 60.79; Italia, con 57.8 y Francia, con 44.8. Sin embargo, al menos\nlas \u00faltimas tres naciones ya pasaron el primer ciclo de sus epidemias.<\/p>\n\n\n\n<p>En tanto, la\nUniversidad Johns Hopkins coloca a M\u00e9xico en el s\u00e9ptimo lugar en tasa de\nmortalidad, de entre los 20 pa\u00edses m\u00e1s afectados en la actualidad por la\npandemia.<\/p>\n\n\n\n<p>Por encima est\u00e1n Reino Unido en primer sitio, luego Estados Unidos, con 41.2 decesos por cada 100 mil habitantes; Chile, con 36.7; Per\u00fa, 36.5; Brasil, 34.1 y Ecuador, 29.4.<\/p>\n\n\n\n<figure class=\"wp-block-embed-twitter wp-block-embed is-type-rich is-provider-twitter\"><div class=\"wp-block-embed__wrapper\">\n<div class=\"twitter-tweet\"><blockquote class=\"twitter-tweet\" data-lang=\"es\"><p lang=\"es\" dir=\"ltr\">En su mensaje habitual de los domingos, el Presidente <a href=\"https:\/\/twitter.com\/lopezobrador_?ref_src=twsrc%5Etfw\">@lopezobrador_<\/a> dijo que los casos de Covid-19 van en descenso en la mayor\u00eda de las entidades de la Rep\u00fablica Mexicana. <a href=\"https:\/\/t.co\/h1VlgI9Vio\">pic.twitter.com\/h1VlgI9Vio<\/a><\/p>&mdash; Zona Roja Oaxaca (@MexRoja) <a href=\"https:\/\/twitter.com\/MexRoja\/status\/1282525046917955584?ref_src=twsrc%5Etfw\">13 de julio de 2020<\/a><\/blockquote><\/div>\n<\/div><\/figure>\n\n\n\n<p>VA A LA BAJA<\/p>\n\n\n\n<p>En su\nmensaje dominical ayer desde el Palacio Nacional, el Presidente de M\u00e9xico,\nAndr\u00e9s Manuel L\u00f3pez Obrador, asegur\u00f3 que el m\u00e1s reciente informe que le\nrindieron autoridades de salud responsables de la atenci\u00f3n del coronavirus es\npositivo, la conclusi\u00f3n es que la pandemia va a la baja, est\u00e1 perdiendo intensidad\ny s\u00f3lo en nueve entidades hay incremento de contagios. <\/p>\n\n\n\n<p>De igual\nforma, exhort\u00f3 a la gente: \u201cTenemos que recobrar nuestra libertad; salir a la\ncalle si es necesario, y si ah\u00ed nos buscamos la vida, pues tenemos que hacerlo,\ncuid\u00e1ndonos\u201d.<\/p>\n\n\n\n<p>sali\u00f3 en defensa\ndel subsecretario de Salud Hugo L\u00f3pez-Gatell, contra quien, dijo, han\nemprendido una campa\u00f1a. Es un profesional al que atacan permanentemente. Est\u00e1n\nmuy desesperados porque no sucedi\u00f3 lo que ellos esperaban.<\/p>\n\n\n\n<p>Acus\u00f3 a la\nprensa \u201cconservadora\u201d de desatar la otra pandemia, la del amarillismo,\nconfrontando cifras sobre fallecimientos con otros pa\u00edses sin ponderar la\npoblaci\u00f3n de M\u00e9xico.<\/p>\n\n\n\n<p>Tras\ncalificar a aquellas como comparaciones alarmistas irresponsables, dio a\nconocer otras cifras que contrastan, agreg\u00f3, la realidad del pa\u00eds con relaci\u00f3n\na otras naciones: por cada fallecimiento ocurrido en M\u00e9xico, en Reino Unido ha\nhabido 2.4; respecto de Espa\u00f1a la relaci\u00f3n es de 2.2; Francia, 1.6; Estados\nUnidos, 1.5, y Brasil, 1.2.<\/p>\n","protected":false},"excerpt":{"rendered":"<p>Redacci\u00f3n\/Zona Roja Cdmx. Ciudad de M\u00e9xico, 13 de julio de 2020.- Mientras el Presidente Andr\u00e9s&hellip;<\/p>\n","protected":false},"author":2,"featured_media":14967,"comment_status":"closed","ping_status":"open","sticky":false,"template":"","format":"standard","meta":{"_lmt_disableupdate":"","_lmt_disable":"","_jetpack_memberships_contains_paid_content":false,"footnotes":""},"categories":[109,47],"tags":[1328],"class_list":["post-14966","post","type-post","status-publish","format-standard","has-post-thumbnail","hentry","category-minuto-a-minuto","category-zona-gris","tag-coronavirus-mexico"],"jetpack_featured_media_url":"https:\/\/zonaroja.com.mx\/wp-content\/uploads\/2020\/07\/Coronavirus-M\u00e9xico.jpg","jetpack_sharing_enabled":true,"_links":{"self":[{"href":"https:\/\/zonaroja.com.mx\/index.php?rest_route=\/wp\/v2\/posts\/14966","targetHints":{"allow":["GET"]}}],"collection":[{"href":"https:\/\/zonaroja.com.mx\/index.php?rest_route=\/wp\/v2\/posts"}],"about":[{"href":"https:\/\/zonaroja.com.mx\/index.php?rest_route=\/wp\/v2\/types\/post"}],"author":[{"embeddable":true,"href":"https:\/\/zonaroja.com.mx\/index.php?rest_route=\/wp\/v2\/users\/2"}],"replies":[{"embeddable":true,"href":"https:\/\/zonaroja.com.mx\/index.php?rest_route=%2Fwp%2Fv2%2Fcomments&post=14966"}],"version-history":[{"count":1,"href":"https:\/\/zonaroja.com.mx\/index.php?rest_route=\/wp\/v2\/posts\/14966\/revisions"}],"predecessor-version":[{"id":14968,"href":"https:\/\/zonaroja.com.mx\/index.php?rest_route=\/wp\/v2\/posts\/14966\/revisions\/14968"}],"wp:featuredmedia":[{"embeddable":true,"href":"https:\/\/zonaroja.com.mx\/index.php?rest_route=\/wp\/v2\/media\/14967"}],"wp:attachment":[{"href":"https:\/\/zonaroja.com.mx\/index.php?rest_route=%2Fwp%2Fv2%2Fmedia&parent=14966"}],"wp:term":[{"taxonomy":"category","embeddable":true,"href":"https:\/\/zonaroja.com.mx\/index.php?rest_route=%2Fwp%2Fv2%2Fcategories&post=14966"},{"taxonomy":"post_tag","embeddable":true,"href":"https:\/\/zonaroja.com.mx\/index.php?rest_route=%2Fwp%2Fv2%2Ftags&post=14966"}],"curies":[{"name":"wp","href":"https:\/\/api.w.org\/{rel}","templated":true}]}}